{"id":3590,"date":"2015-06-23T12:18:59","date_gmt":"2015-06-23T12:18:59","guid":{"rendered":"https:\/\/www.ipecon.sk\/?p=3590"},"modified":"2023-07-13T06:20:52","modified_gmt":"2023-07-13T06:20:52","slug":"3-generacia-fiber-laserov-durma-je-na-trhu","status":"publish","type":"post","link":"https:\/\/www.ipecon.sk\/en\/3-generacia-fiber-laserov-durma-je-na-trhu\/","title":{"rendered":"<strong>3. Gener\u00e1cia FIBER Laserov DURMA je na trhu<\/strong>"},"content":{"rendered":"<hr class=\"wp-block-separator has-alpha-channel-opacity is-style-wide\" \/>\n\n\n\n<p>DURMAZLAR predstavuje a zav\u00e1dza na trh III. Gener\u00e1ciu FIBER Laserov DURMA. K vidite\u013en\u00fdm zmen\u00e1m patr\u00ed nov\u00e1 kab\u00edna Laseru, ktor\u00e1 je v\u00fdrazne inovovan\u00e1. Predn\u00e9 dvere Laseru s\u00fa otv\u00e1ran\u00e9 automaticky motoricky (na II. Gener\u00e1cii ich otv\u00e1rala obsluha manu\u00e1lne). Lasery s\u00fa osaden\u00e9 \u0161pi\u010dkovou novou hlavou PRECITEC Procuter, ktor\u00e1 je plne automatick\u00e1 s vlastnou diagnostikou. Bo\u010dn\u00e9 dvere kab\u00edny lasera s\u00fa posuvn\u00e9, \u010do v pr\u00edpade potreby v\u00fdrazne zjednodu\u0161uje vstup do kab\u00edny z boku. Laser obsahuje mno\u017estvo \u010fal\u0161\u00edch zmien a vylep\u0161en\u00ed, ktor\u00fdmi sa oproti II. Gener\u00e1cii st\u00e1va spo\u013eahlivej\u0161\u00ed, r\u00fdchlej\u0161\u00ed a presnej\u0161\u00ed. Laser je mo\u017en\u00e9 vybavi\u0165 mno\u017estvom volite\u013en\u00e9ho pr\u00edslu\u0161enstva, ako Line\u00e1rne motory na osiach X1, X2, Y, Syst\u00e9mom automatick\u00e9ho nakladania \/ vykladania plechov, \u2026<\/p>\n\n\n\n<figure class=\"wp-block-image is-resized\"><img decoding=\"async\" src=\"https:\/\/ps.ipecon.sk\/wp-content\/uploads\/2015\/06\/HDFL_fiber_laser_III.jpg\" alt=\"\" class=\"wp-image-2292\" width=\"874\" height=\"364\" \/><\/figure>\n\n\n\n<figure class=\"wp-block-image size-full\"><img decoding=\"async\" width=\"1024\" height=\"768\" src=\"https:\/\/www.ipecon.sk\/wp-content\/uploads\/2023\/07\/HDF3015III_4-1024x768-1.jpg\" alt=\"\" class=\"wp-image-3592\" srcset=\"https:\/\/www.ipecon.sk\/wp-content\/uploads\/2023\/07\/HDF3015III_4-1024x768-1.jpg 1024w, https:\/\/www.ipecon.sk\/wp-content\/uploads\/2023\/07\/HDF3015III_4-1024x768-1-980x735.jpg 980w, https:\/\/www.ipecon.sk\/wp-content\/uploads\/2023\/07\/HDF3015III_4-1024x768-1-480x360.jpg 480w\" sizes=\"(min-width: 0px) and (max-width: 480px) 480px, (min-width: 481px) and (max-width: 980px) 980px, (min-width: 981px) 1024px, 100vw\" \/><\/figure>\n\n\n\n<figure class=\"wp-block-image size-full\"><img decoding=\"async\" width=\"1024\" height=\"768\" src=\"https:\/\/www.ipecon.sk\/wp-content\/uploads\/2023\/07\/HDF3015III_6-1024x768-1.jpg\" alt=\"\" class=\"wp-image-3593\" srcset=\"https:\/\/www.ipecon.sk\/wp-content\/uploads\/2023\/07\/HDF3015III_6-1024x768-1.jpg 1024w, https:\/\/www.ipecon.sk\/wp-content\/uploads\/2023\/07\/HDF3015III_6-1024x768-1-980x735.jpg 980w, https:\/\/www.ipecon.sk\/wp-content\/uploads\/2023\/07\/HDF3015III_6-1024x768-1-480x360.jpg 480w\" sizes=\"(min-width: 0px) and (max-width: 480px) 480px, (min-width: 481px) and (max-width: 980px) 980px, (min-width: 981px) 1024px, 100vw\" \/><\/figure>\n\n\n\n<figure class=\"wp-block-image size-full\"><img decoding=\"async\" width=\"1024\" height=\"768\" src=\"https:\/\/www.ipecon.sk\/wp-content\/uploads\/2023\/07\/HDF_IPG_YLS_2000-1024x768-1.jpg\" alt=\"\" class=\"wp-image-3594\" srcset=\"https:\/\/www.ipecon.sk\/wp-content\/uploads\/2023\/07\/HDF_IPG_YLS_2000-1024x768-1.jpg 1024w, https:\/\/www.ipecon.sk\/wp-content\/uploads\/2023\/07\/HDF_IPG_YLS_2000-1024x768-1-980x735.jpg 980w, https:\/\/www.ipecon.sk\/wp-content\/uploads\/2023\/07\/HDF_IPG_YLS_2000-1024x768-1-480x360.jpg 480w\" sizes=\"(min-width: 0px) and (max-width: 480px) 480px, (min-width: 481px) and (max-width: 980px) 980px, (min-width: 981px) 1024px, 100vw\" \/><\/figure>\n\n\n\n<figure class=\"wp-block-image size-full\"><img decoding=\"async\" width=\"1024\" height=\"768\" src=\"https:\/\/www.ipecon.sk\/wp-content\/uploads\/2023\/07\/HDF_IPG_YLS_6000-1024x768-1.jpg\" alt=\"\" class=\"wp-image-3595\" srcset=\"https:\/\/www.ipecon.sk\/wp-content\/uploads\/2023\/07\/HDF_IPG_YLS_6000-1024x768-1.jpg 1024w, https:\/\/www.ipecon.sk\/wp-content\/uploads\/2023\/07\/HDF_IPG_YLS_6000-1024x768-1-980x735.jpg 980w, https:\/\/www.ipecon.sk\/wp-content\/uploads\/2023\/07\/HDF_IPG_YLS_6000-1024x768-1-480x360.jpg 480w\" sizes=\"(min-width: 0px) and (max-width: 480px) 480px, (min-width: 481px) and (max-width: 980px) 980px, (min-width: 981px) 1024px, 100vw\" \/><\/figure>","protected":false},"excerpt":{"rendered":"<p>DURMAZLAR predstavuje a zav\u00e1dza na trh III. Gener\u00e1ciu FIBER Laserov DURMA. K vidite\u013en\u00fdm zmen\u00e1m patr\u00ed nov\u00e1 kab\u00edna Laseru, ktor\u00e1 je v\u00fdrazne inovovan\u00e1. Predn\u00e9 dvere Laseru s\u00fa otv\u00e1ran\u00e9 automaticky motoricky (na II. Gener\u00e1cii ich otv\u00e1rala obsluha manu\u00e1lne). Lasery s\u00fa osaden\u00e9 \u0161pi\u010dkovou novou hlavou PRECITEC Procuter, ktor\u00e1 je plne automatick\u00e1 s vlastnou diagnostikou. Bo\u010dn\u00e9 dvere kab\u00edny lasera [&hellip;]<\/p>\n","protected":false},"author":14,"featured_media":3591,"comment_status":"open","ping_status":"open","sticky":false,"template":"","format":"standard","meta":{"_acf_changed":false,"_et_pb_use_builder":"off","_et_pb_old_content":"","_et_gb_content_width":"","footnotes":""},"categories":[48],"tags":[],"class_list":["post-3590","post","type-post","status-publish","format-standard","has-post-thumbnail","hentry","category-fiber-lasery"],"acf":[],"yoast_head":"<!-- This site is optimized with the Yoast SEO plugin v27.4 - https:\/\/yoast.com\/product\/yoast-seo-wordpress\/ -->\n<title>3. Gener\u00e1cia FIBER Laserov DURMA je na trhu - IPECON<\/title>\n<meta name=\"robots\" content=\"index, follow, max-snippet:-1, max-image-preview:large, max-video-preview:-1\" \/>\n<link rel=\"canonical\" href=\"https:\/\/www.ipecon.sk\/en\/3-generacia-fiber-laserov-durma-je-na-trhu\/\" \/>\n<meta property=\"og:locale\" content=\"en_GB\" \/>\n<meta property=\"og:type\" content=\"article\" \/>\n<meta property=\"og:title\" content=\"3. Gener\u00e1cia FIBER Laserov DURMA je na trhu - IPECON\" \/>\n<meta property=\"og:description\" content=\"DURMAZLAR predstavuje a zav\u00e1dza na trh III. Gener\u00e1ciu FIBER Laserov DURMA. K vidite\u013en\u00fdm zmen\u00e1m patr\u00ed nov\u00e1 kab\u00edna Laseru, ktor\u00e1 je v\u00fdrazne inovovan\u00e1. Predn\u00e9 dvere Laseru s\u00fa otv\u00e1ran\u00e9 automaticky motoricky (na II. Gener\u00e1cii ich otv\u00e1rala obsluha manu\u00e1lne). Lasery s\u00fa osaden\u00e9 \u0161pi\u010dkovou novou hlavou PRECITEC Procuter, ktor\u00e1 je plne automatick\u00e1 s vlastnou diagnostikou. Bo\u010dn\u00e9 dvere kab\u00edny lasera [&hellip;]\" \/>\n<meta property=\"og:url\" content=\"https:\/\/www.ipecon.sk\/en\/3-generacia-fiber-laserov-durma-je-na-trhu\/\" \/>\n<meta property=\"og:site_name\" content=\"IPECON\" \/>\n<meta property=\"article:published_time\" content=\"2015-06-23T12:18:59+00:00\" \/>\n<meta property=\"article:modified_time\" content=\"2023-07-13T06:20:52+00:00\" \/>\n<meta property=\"og:image\" content=\"https:\/\/www.ipecon.sk\/wp-content\/uploads\/2023\/07\/3GeneraciaLaser.jpg\" \/>\n\t<meta property=\"og:image:width\" content=\"640\" \/>\n\t<meta property=\"og:image:height\" content=\"330\" \/>\n\t<meta property=\"og:image:type\" content=\"image\/jpeg\" \/>\n<meta name=\"author\" content=\"Marek Ryb\u00e1r\" \/>\n<meta name=\"twitter:card\" content=\"summary_large_image\" \/>\n<meta name=\"twitter:label1\" content=\"Written by\" \/>\n\t<meta name=\"twitter:data1\" content=\"Marek Ryb\u00e1r\" \/>\n\t<meta name=\"twitter:label2\" content=\"Estimated reading time\" \/>\n\t<meta name=\"twitter:data2\" content=\"2 minutes\" \/>\n<script type=\"application\/ld+json\" class=\"yoast-schema-graph\">{\"@context\":\"https:\\\/\\\/schema.org\",\"@graph\":[{\"@type\":\"Article\",\"@id\":\"https:\\\/\\\/www.ipecon.sk\\\/3-generacia-fiber-laserov-durma-je-na-trhu\\\/#article\",\"isPartOf\":{\"@id\":\"https:\\\/\\\/www.ipecon.sk\\\/3-generacia-fiber-laserov-durma-je-na-trhu\\\/\"},\"author\":{\"name\":\"Marek Ryb\u00e1r\",\"@id\":\"https:\\\/\\\/www.ipecon.sk\\\/#\\\/schema\\\/person\\\/c6a7b2f621c408001de0eeb32364cbc1\"},\"headline\":\"3. Gener\u00e1cia FIBER Laserov DURMA je na trhu\",\"datePublished\":\"2015-06-23T12:18:59+00:00\",\"dateModified\":\"2023-07-13T06:20:52+00:00\",\"mainEntityOfPage\":{\"@id\":\"https:\\\/\\\/www.ipecon.sk\\\/3-generacia-fiber-laserov-durma-je-na-trhu\\\/\"},\"wordCount\":148,\"commentCount\":0,\"image\":{\"@id\":\"https:\\\/\\\/www.ipecon.sk\\\/3-generacia-fiber-laserov-durma-je-na-trhu\\\/#primaryimage\"},\"thumbnailUrl\":\"https:\\\/\\\/www.ipecon.sk\\\/wp-content\\\/uploads\\\/2023\\\/07\\\/3GeneraciaLaser.jpg\",\"articleSection\":[\"Fiber lasery\"],\"inLanguage\":\"en-GB\",\"potentialAction\":[{\"@type\":\"CommentAction\",\"name\":\"Comment\",\"target\":[\"https:\\\/\\\/www.ipecon.sk\\\/3-generacia-fiber-laserov-durma-je-na-trhu\\\/#respond\"]}]},{\"@type\":\"WebPage\",\"@id\":\"https:\\\/\\\/www.ipecon.sk\\\/3-generacia-fiber-laserov-durma-je-na-trhu\\\/\",\"url\":\"https:\\\/\\\/www.ipecon.sk\\\/3-generacia-fiber-laserov-durma-je-na-trhu\\\/\",\"name\":\"3. Gener\u00e1cia FIBER Laserov DURMA je na trhu - IPECON\",\"isPartOf\":{\"@id\":\"https:\\\/\\\/www.ipecon.sk\\\/#website\"},\"primaryImageOfPage\":{\"@id\":\"https:\\\/\\\/www.ipecon.sk\\\/3-generacia-fiber-laserov-durma-je-na-trhu\\\/#primaryimage\"},\"image\":{\"@id\":\"https:\\\/\\\/www.ipecon.sk\\\/3-generacia-fiber-laserov-durma-je-na-trhu\\\/#primaryimage\"},\"thumbnailUrl\":\"https:\\\/\\\/www.ipecon.sk\\\/wp-content\\\/uploads\\\/2023\\\/07\\\/3GeneraciaLaser.jpg\",\"datePublished\":\"2015-06-23T12:18:59+00:00\",\"dateModified\":\"2023-07-13T06:20:52+00:00\",\"author\":{\"@id\":\"https:\\\/\\\/www.ipecon.sk\\\/#\\\/schema\\\/person\\\/c6a7b2f621c408001de0eeb32364cbc1\"},\"breadcrumb\":{\"@id\":\"https:\\\/\\\/www.ipecon.sk\\\/3-generacia-fiber-laserov-durma-je-na-trhu\\\/#breadcrumb\"},\"inLanguage\":\"en-GB\",\"potentialAction\":[{\"@type\":\"ReadAction\",\"target\":[\"https:\\\/\\\/www.ipecon.sk\\\/3-generacia-fiber-laserov-durma-je-na-trhu\\\/\"]}]},{\"@type\":\"ImageObject\",\"inLanguage\":\"en-GB\",\"@id\":\"https:\\\/\\\/www.ipecon.sk\\\/3-generacia-fiber-laserov-durma-je-na-trhu\\\/#primaryimage\",\"url\":\"https:\\\/\\\/www.ipecon.sk\\\/wp-content\\\/uploads\\\/2023\\\/07\\\/3GeneraciaLaser.jpg\",\"contentUrl\":\"https:\\\/\\\/www.ipecon.sk\\\/wp-content\\\/uploads\\\/2023\\\/07\\\/3GeneraciaLaser.jpg\",\"width\":640,\"height\":330},{\"@type\":\"BreadcrumbList\",\"@id\":\"https:\\\/\\\/www.ipecon.sk\\\/3-generacia-fiber-laserov-durma-je-na-trhu\\\/#breadcrumb\",\"itemListElement\":[{\"@type\":\"ListItem\",\"position\":1,\"name\":\"Home\",\"item\":\"https:\\\/\\\/www.ipecon.sk\\\/\"},{\"@type\":\"ListItem\",\"position\":2,\"name\":\"3. Gener\u00e1cia FIBER Laserov DURMA je na trhu\"}]},{\"@type\":\"WebSite\",\"@id\":\"https:\\\/\\\/www.ipecon.sk\\\/#website\",\"url\":\"https:\\\/\\\/www.ipecon.sk\\\/\",\"name\":\"IPECON\",\"description\":\"\",\"potentialAction\":[{\"@type\":\"SearchAction\",\"target\":{\"@type\":\"EntryPoint\",\"urlTemplate\":\"https:\\\/\\\/www.ipecon.sk\\\/?s={search_term_string}\"},\"query-input\":{\"@type\":\"PropertyValueSpecification\",\"valueRequired\":true,\"valueName\":\"search_term_string\"}}],\"inLanguage\":\"en-GB\"},{\"@type\":\"Person\",\"@id\":\"https:\\\/\\\/www.ipecon.sk\\\/#\\\/schema\\\/person\\\/c6a7b2f621c408001de0eeb32364cbc1\",\"name\":\"Marek Ryb\u00e1r\",\"description\":\"Autor \u010dl\u00e1nku &nbsp; &nbsp; obchodno-technick\u00fd mana\u017e\u00e9r marek.rybar@ipecon.sk +421 905 433 567\",\"url\":\"https:\\\/\\\/www.ipecon.sk\\\/en\\\/author\\\/marek-rybar\\\/\"}]}<\/script>\n<!-- \/ Yoast SEO plugin. -->","yoast_head_json":{"title":"3. Gener\u00e1cia FIBER Laserov DURMA je na trhu - IPECON","robots":{"index":"index","follow":"follow","max-snippet":"max-snippet:-1","max-image-preview":"max-image-preview:large","max-video-preview":"max-video-preview:-1"},"canonical":"https:\/\/www.ipecon.sk\/en\/3-generacia-fiber-laserov-durma-je-na-trhu\/","og_locale":"en_GB","og_type":"article","og_title":"3. Gener\u00e1cia FIBER Laserov DURMA je na trhu - IPECON","og_description":"DURMAZLAR predstavuje a zav\u00e1dza na trh III. Gener\u00e1ciu FIBER Laserov DURMA. K vidite\u013en\u00fdm zmen\u00e1m patr\u00ed nov\u00e1 kab\u00edna Laseru, ktor\u00e1 je v\u00fdrazne inovovan\u00e1. Predn\u00e9 dvere Laseru s\u00fa otv\u00e1ran\u00e9 automaticky motoricky (na II. Gener\u00e1cii ich otv\u00e1rala obsluha manu\u00e1lne). Lasery s\u00fa osaden\u00e9 \u0161pi\u010dkovou novou hlavou PRECITEC Procuter, ktor\u00e1 je plne automatick\u00e1 s vlastnou diagnostikou. Bo\u010dn\u00e9 dvere kab\u00edny lasera [&hellip;]","og_url":"https:\/\/www.ipecon.sk\/en\/3-generacia-fiber-laserov-durma-je-na-trhu\/","og_site_name":"IPECON","article_published_time":"2015-06-23T12:18:59+00:00","article_modified_time":"2023-07-13T06:20:52+00:00","og_image":[{"width":640,"height":330,"url":"https:\/\/www.ipecon.sk\/wp-content\/uploads\/2023\/07\/3GeneraciaLaser.jpg","type":"image\/jpeg"}],"author":"Marek Ryb\u00e1r","twitter_card":"summary_large_image","twitter_misc":{"Written by":"Marek Ryb\u00e1r","Estimated reading time":"2 minutes"},"schema":{"@context":"https:\/\/schema.org","@graph":[{"@type":"Article","@id":"https:\/\/www.ipecon.sk\/3-generacia-fiber-laserov-durma-je-na-trhu\/#article","isPartOf":{"@id":"https:\/\/www.ipecon.sk\/3-generacia-fiber-laserov-durma-je-na-trhu\/"},"author":{"name":"Marek Ryb\u00e1r","@id":"https:\/\/www.ipecon.sk\/#\/schema\/person\/c6a7b2f621c408001de0eeb32364cbc1"},"headline":"3. Gener\u00e1cia FIBER Laserov DURMA je na trhu","datePublished":"2015-06-23T12:18:59+00:00","dateModified":"2023-07-13T06:20:52+00:00","mainEntityOfPage":{"@id":"https:\/\/www.ipecon.sk\/3-generacia-fiber-laserov-durma-je-na-trhu\/"},"wordCount":148,"commentCount":0,"image":{"@id":"https:\/\/www.ipecon.sk\/3-generacia-fiber-laserov-durma-je-na-trhu\/#primaryimage"},"thumbnailUrl":"https:\/\/www.ipecon.sk\/wp-content\/uploads\/2023\/07\/3GeneraciaLaser.jpg","articleSection":["Fiber lasery"],"inLanguage":"en-GB","potentialAction":[{"@type":"CommentAction","name":"Comment","target":["https:\/\/www.ipecon.sk\/3-generacia-fiber-laserov-durma-je-na-trhu\/#respond"]}]},{"@type":"WebPage","@id":"https:\/\/www.ipecon.sk\/3-generacia-fiber-laserov-durma-je-na-trhu\/","url":"https:\/\/www.ipecon.sk\/3-generacia-fiber-laserov-durma-je-na-trhu\/","name":"3. Gener\u00e1cia FIBER Laserov DURMA je na trhu - IPECON","isPartOf":{"@id":"https:\/\/www.ipecon.sk\/#website"},"primaryImageOfPage":{"@id":"https:\/\/www.ipecon.sk\/3-generacia-fiber-laserov-durma-je-na-trhu\/#primaryimage"},"image":{"@id":"https:\/\/www.ipecon.sk\/3-generacia-fiber-laserov-durma-je-na-trhu\/#primaryimage"},"thumbnailUrl":"https:\/\/www.ipecon.sk\/wp-content\/uploads\/2023\/07\/3GeneraciaLaser.jpg","datePublished":"2015-06-23T12:18:59+00:00","dateModified":"2023-07-13T06:20:52+00:00","author":{"@id":"https:\/\/www.ipecon.sk\/#\/schema\/person\/c6a7b2f621c408001de0eeb32364cbc1"},"breadcrumb":{"@id":"https:\/\/www.ipecon.sk\/3-generacia-fiber-laserov-durma-je-na-trhu\/#breadcrumb"},"inLanguage":"en-GB","potentialAction":[{"@type":"ReadAction","target":["https:\/\/www.ipecon.sk\/3-generacia-fiber-laserov-durma-je-na-trhu\/"]}]},{"@type":"ImageObject","inLanguage":"en-GB","@id":"https:\/\/www.ipecon.sk\/3-generacia-fiber-laserov-durma-je-na-trhu\/#primaryimage","url":"https:\/\/www.ipecon.sk\/wp-content\/uploads\/2023\/07\/3GeneraciaLaser.jpg","contentUrl":"https:\/\/www.ipecon.sk\/wp-content\/uploads\/2023\/07\/3GeneraciaLaser.jpg","width":640,"height":330},{"@type":"BreadcrumbList","@id":"https:\/\/www.ipecon.sk\/3-generacia-fiber-laserov-durma-je-na-trhu\/#breadcrumb","itemListElement":[{"@type":"ListItem","position":1,"name":"Home","item":"https:\/\/www.ipecon.sk\/"},{"@type":"ListItem","position":2,"name":"3. Gener\u00e1cia FIBER Laserov DURMA je na trhu"}]},{"@type":"WebSite","@id":"https:\/\/www.ipecon.sk\/#website","url":"https:\/\/www.ipecon.sk\/","name":"IPECON","description":"","potentialAction":[{"@type":"SearchAction","target":{"@type":"EntryPoint","urlTemplate":"https:\/\/www.ipecon.sk\/?s={search_term_string}"},"query-input":{"@type":"PropertyValueSpecification","valueRequired":true,"valueName":"search_term_string"}}],"inLanguage":"en-GB"},{"@type":"Person","@id":"https:\/\/www.ipecon.sk\/#\/schema\/person\/c6a7b2f621c408001de0eeb32364cbc1","name":"Marek Ryb\u00e1r","description":"Autor \u010dl\u00e1nku &nbsp; &nbsp; obchodno-technick\u00fd mana\u017e\u00e9r marek.rybar@ipecon.sk +421 905 433 567","url":"https:\/\/www.ipecon.sk\/en\/author\/marek-rybar\/"}]}},"_links":{"self":[{"href":"https:\/\/www.ipecon.sk\/en\/wp-json\/wp\/v2\/posts\/3590","targetHints":{"allow":["GET"]}}],"collection":[{"href":"https:\/\/www.ipecon.sk\/en\/wp-json\/wp\/v2\/posts"}],"about":[{"href":"https:\/\/www.ipecon.sk\/en\/wp-json\/wp\/v2\/types\/post"}],"author":[{"embeddable":true,"href":"https:\/\/www.ipecon.sk\/en\/wp-json\/wp\/v2\/users\/14"}],"replies":[{"embeddable":true,"href":"https:\/\/www.ipecon.sk\/en\/wp-json\/wp\/v2\/comments?post=3590"}],"version-history":[{"count":0,"href":"https:\/\/www.ipecon.sk\/en\/wp-json\/wp\/v2\/posts\/3590\/revisions"}],"wp:featuredmedia":[{"embeddable":true,"href":"https:\/\/www.ipecon.sk\/en\/wp-json\/wp\/v2\/media\/3591"}],"wp:attachment":[{"href":"https:\/\/www.ipecon.sk\/en\/wp-json\/wp\/v2\/media?parent=3590"}],"wp:term":[{"taxonomy":"category","embeddable":true,"href":"https:\/\/www.ipecon.sk\/en\/wp-json\/wp\/v2\/categories?post=3590"},{"taxonomy":"post_tag","embeddable":true,"href":"https:\/\/www.ipecon.sk\/en\/wp-json\/wp\/v2\/tags?post=3590"}],"curies":[{"name":"wp","href":"https:\/\/api.w.org\/{rel}","templated":true}]}}