{"id":3568,"date":"2017-03-22T11:24:55","date_gmt":"2017-03-22T11:24:55","guid":{"rendered":"https:\/\/www.ipecon.sk\/?p=3568"},"modified":"2023-08-09T12:18:00","modified_gmt":"2023-08-09T12:18:00","slug":"aplikacia-precitec-komunikacia-s-rezacou-hlavou","status":"publish","type":"post","link":"https:\/\/www.ipecon.sk\/en\/aplikacia-precitec-komunikacia-s-rezacou-hlavou\/","title":{"rendered":"<strong>Aplik\u00e1cia PRECITEC \u2013 komunik\u00e1cia s rezacou hlavou<\/strong>"},"content":{"rendered":"<hr class=\"wp-block-separator has-alpha-channel-opacity is-style-wide\"\/>\n\n\n\n<figure class=\"wp-block-image alignleft is-resized\"><img decoding=\"async\" src=\"https:\/\/ps.ipecon.sk\/wp-content\/uploads\/2016\/07\/Precitecapp1.jpg\" alt=\"\" class=\"wp-image-1633\" width=\"310\" height=\"496\"\/><\/figure>\n\n\n\n<p>Pre zistenie mno\u017estva podrobn\u00fdch inform\u00e1cii o stave rezacej hlavy doporu\u010dujeme pou\u017ei\u0165 aplik\u00e1ciu Precitec ProCutter. Po jej stiahnut\u00ed a nain\u0161talovan\u00ed do Va\u0161eho mobiln\u00e9ho zariadenia (telef\u00f3n, tablet) sa aplik\u00e1cia cez Bluetooth prep\u00e1ja s laserovou hlavou a komfortne online zobrazuje stavy rezacej hlavy po\u010das prev\u00e1dzky laseru.&nbsp;Okrem toho v okne syst\u00e9mu existuje tla\u010didlo, ktor\u00e9 spust\u00ed z\u00e1znam meran\u00fdch hodn\u00f4t. Hodnoty merania s\u00fa potom ulo\u017een\u00e9 v s\u00fabore * .csv, ktor\u00fd je vytvoren\u00fd v pam\u00e4ti Va\u0161eho pou\u017eit\u00e9ho zariadenia.<\/p>\n\n\n\n<p>Aplik\u00e1cia zobrazuje sedem r\u00f4znych okien: pripojenie, teplota, tlak, optika, chyby, IO a syst\u00e9m:<\/p>\n\n\n\n<p><strong>Pripojenie:<\/strong>\u00a0zobrazuje akt\u00edvne zariadenia Bluetooth v sieti<br><strong>Teplota:<\/strong>\u00a0zobrazuje hodnoty sn\u00edma\u010dov \u0161tyroch sn\u00edma\u010dov teploty<br><strong>Tlak:<\/strong>\u00a0ukazuje tlak rezn\u00e9ho plynu a tlak prefukovacieho vzduchu<br><strong>Optika:<\/strong>\u00a0pod\u013ea typu hlavy zobrazuje napr. ohniskov\u00e9 polohy, konfigur\u00e1ciu \u0161o\u0161oviek \u2026<br><strong>Chyby:<\/strong>\u00a0zobrazuje akt\u00edvne chybov\u00e9 hl\u00e1senia. Ak neexistuje chyba, obrazovka je pr\u00e1zdna<br><strong>IO:<\/strong>\u00a0zobrazuje rozhranie IO s anal\u00f3gov\u00fdmi nap\u00e4tiami, pr\u00fadmi a sign\u00e1lmi<br><strong>Syst\u00e9m:<\/strong>\u00a0verzia firmv\u00e9ru s laserovou hlavou a s\u00e9riov\u00e9 \u010d\u00edslo<\/p>\n\n\n\n<p><\/p>\n\n\n\n<p>Aplik\u00e1cia funguje rovnako ako displej, ke\u010f je laserov\u00e1 hlava pripojen\u00e1 cez CAN.<\/p>","protected":false},"excerpt":{"rendered":"<p>Pre zistenie mno\u017estva podrobn\u00fdch inform\u00e1cii o stave rezacej hlavy doporu\u010dujeme pou\u017ei\u0165 aplik\u00e1ciu Precitec ProCutter. Po jej stiahnut\u00ed a nain\u0161talovan\u00ed do Va\u0161eho mobiln\u00e9ho zariadenia (telef\u00f3n, tablet) sa aplik\u00e1cia cez Bluetooth prep\u00e1ja s laserovou hlavou a komfortne online zobrazuje stavy rezacej hlavy po\u010das prev\u00e1dzky laseru.&nbsp;Okrem toho v okne syst\u00e9mu existuje tla\u010didlo, ktor\u00e9 spust\u00ed z\u00e1znam meran\u00fdch hodn\u00f4t. Hodnoty [&hellip;]<\/p>\n","protected":false},"author":14,"featured_media":3569,"comment_status":"open","ping_status":"open","sticky":false,"template":"","format":"standard","meta":{"_acf_changed":false,"_et_pb_use_builder":"off","_et_pb_old_content":"","_et_gb_content_width":"","footnotes":""},"categories":[48],"tags":[],"class_list":["post-3568","post","type-post","status-publish","format-standard","has-post-thumbnail","hentry","category-fiber-lasery"],"acf":[],"yoast_head":"<!-- This site is optimized with the Yoast SEO plugin v27.4 - https:\/\/yoast.com\/product\/yoast-seo-wordpress\/ -->\n<title>Aplik\u00e1cia PRECITEC \u2013 komunik\u00e1cia s rezacou hlavou - IPECON<\/title>\n<meta name=\"robots\" content=\"index, follow, max-snippet:-1, max-image-preview:large, max-video-preview:-1\" \/>\n<link rel=\"canonical\" href=\"https:\/\/www.ipecon.sk\/en\/aplikacia-precitec-komunikacia-s-rezacou-hlavou\/\" \/>\n<meta property=\"og:locale\" content=\"en_GB\" \/>\n<meta property=\"og:type\" content=\"article\" \/>\n<meta property=\"og:title\" content=\"Aplik\u00e1cia PRECITEC \u2013 komunik\u00e1cia s rezacou hlavou - IPECON\" \/>\n<meta property=\"og:description\" content=\"Pre zistenie mno\u017estva podrobn\u00fdch inform\u00e1cii o stave rezacej hlavy doporu\u010dujeme pou\u017ei\u0165 aplik\u00e1ciu Precitec ProCutter. Po jej stiahnut\u00ed a nain\u0161talovan\u00ed do Va\u0161eho mobiln\u00e9ho zariadenia (telef\u00f3n, tablet) sa aplik\u00e1cia cez Bluetooth prep\u00e1ja s laserovou hlavou a komfortne online zobrazuje stavy rezacej hlavy po\u010das prev\u00e1dzky laseru.&nbsp;Okrem toho v okne syst\u00e9mu existuje tla\u010didlo, ktor\u00e9 spust\u00ed z\u00e1znam meran\u00fdch hodn\u00f4t. Hodnoty [&hellip;]\" \/>\n<meta property=\"og:url\" content=\"https:\/\/www.ipecon.sk\/en\/aplikacia-precitec-komunikacia-s-rezacou-hlavou\/\" \/>\n<meta property=\"og:site_name\" content=\"IPECON\" \/>\n<meta property=\"article:published_time\" content=\"2017-03-22T11:24:55+00:00\" \/>\n<meta property=\"article:modified_time\" content=\"2023-08-09T12:18:00+00:00\" \/>\n<meta property=\"og:image\" content=\"https:\/\/www.ipecon.sk\/wp-content\/uploads\/2023\/07\/Precitecapp.png\" \/>\n\t<meta property=\"og:image:width\" content=\"640\" \/>\n\t<meta property=\"og:image:height\" content=\"330\" \/>\n\t<meta property=\"og:image:type\" content=\"image\/png\" \/>\n<meta name=\"author\" content=\"Marek Ryb\u00e1r\" \/>\n<meta name=\"twitter:card\" content=\"summary_large_image\" \/>\n<meta name=\"twitter:label1\" content=\"Written by\" \/>\n\t<meta name=\"twitter:data1\" content=\"Marek Ryb\u00e1r\" \/>\n\t<meta name=\"twitter:label2\" content=\"Estimated reading time\" \/>\n\t<meta name=\"twitter:data2\" content=\"2 minutes\" \/>\n<script type=\"application\/ld+json\" class=\"yoast-schema-graph\">{\"@context\":\"https:\\\/\\\/schema.org\",\"@graph\":[{\"@type\":\"Article\",\"@id\":\"https:\\\/\\\/www.ipecon.sk\\\/aplikacia-precitec-komunikacia-s-rezacou-hlavou\\\/#article\",\"isPartOf\":{\"@id\":\"https:\\\/\\\/www.ipecon.sk\\\/aplikacia-precitec-komunikacia-s-rezacou-hlavou\\\/\"},\"author\":{\"name\":\"Marek Ryb\u00e1r\",\"@id\":\"https:\\\/\\\/www.ipecon.sk\\\/#\\\/schema\\\/person\\\/c6a7b2f621c408001de0eeb32364cbc1\"},\"headline\":\"Aplik\u00e1cia PRECITEC \u2013 komunik\u00e1cia s rezacou hlavou\",\"datePublished\":\"2017-03-22T11:24:55+00:00\",\"dateModified\":\"2023-08-09T12:18:00+00:00\",\"mainEntityOfPage\":{\"@id\":\"https:\\\/\\\/www.ipecon.sk\\\/aplikacia-precitec-komunikacia-s-rezacou-hlavou\\\/\"},\"wordCount\":217,\"commentCount\":0,\"image\":{\"@id\":\"https:\\\/\\\/www.ipecon.sk\\\/aplikacia-precitec-komunikacia-s-rezacou-hlavou\\\/#primaryimage\"},\"thumbnailUrl\":\"https:\\\/\\\/www.ipecon.sk\\\/wp-content\\\/uploads\\\/2023\\\/07\\\/Precitecapp.png\",\"articleSection\":[\"Fiber lasery\"],\"inLanguage\":\"en-GB\",\"potentialAction\":[{\"@type\":\"CommentAction\",\"name\":\"Comment\",\"target\":[\"https:\\\/\\\/www.ipecon.sk\\\/aplikacia-precitec-komunikacia-s-rezacou-hlavou\\\/#respond\"]}]},{\"@type\":\"WebPage\",\"@id\":\"https:\\\/\\\/www.ipecon.sk\\\/aplikacia-precitec-komunikacia-s-rezacou-hlavou\\\/\",\"url\":\"https:\\\/\\\/www.ipecon.sk\\\/aplikacia-precitec-komunikacia-s-rezacou-hlavou\\\/\",\"name\":\"Aplik\u00e1cia PRECITEC \u2013 komunik\u00e1cia s rezacou hlavou - IPECON\",\"isPartOf\":{\"@id\":\"https:\\\/\\\/www.ipecon.sk\\\/#website\"},\"primaryImageOfPage\":{\"@id\":\"https:\\\/\\\/www.ipecon.sk\\\/aplikacia-precitec-komunikacia-s-rezacou-hlavou\\\/#primaryimage\"},\"image\":{\"@id\":\"https:\\\/\\\/www.ipecon.sk\\\/aplikacia-precitec-komunikacia-s-rezacou-hlavou\\\/#primaryimage\"},\"thumbnailUrl\":\"https:\\\/\\\/www.ipecon.sk\\\/wp-content\\\/uploads\\\/2023\\\/07\\\/Precitecapp.png\",\"datePublished\":\"2017-03-22T11:24:55+00:00\",\"dateModified\":\"2023-08-09T12:18:00+00:00\",\"author\":{\"@id\":\"https:\\\/\\\/www.ipecon.sk\\\/#\\\/schema\\\/person\\\/c6a7b2f621c408001de0eeb32364cbc1\"},\"breadcrumb\":{\"@id\":\"https:\\\/\\\/www.ipecon.sk\\\/aplikacia-precitec-komunikacia-s-rezacou-hlavou\\\/#breadcrumb\"},\"inLanguage\":\"en-GB\",\"potentialAction\":[{\"@type\":\"ReadAction\",\"target\":[\"https:\\\/\\\/www.ipecon.sk\\\/aplikacia-precitec-komunikacia-s-rezacou-hlavou\\\/\"]}]},{\"@type\":\"ImageObject\",\"inLanguage\":\"en-GB\",\"@id\":\"https:\\\/\\\/www.ipecon.sk\\\/aplikacia-precitec-komunikacia-s-rezacou-hlavou\\\/#primaryimage\",\"url\":\"https:\\\/\\\/www.ipecon.sk\\\/wp-content\\\/uploads\\\/2023\\\/07\\\/Precitecapp.png\",\"contentUrl\":\"https:\\\/\\\/www.ipecon.sk\\\/wp-content\\\/uploads\\\/2023\\\/07\\\/Precitecapp.png\",\"width\":640,\"height\":330},{\"@type\":\"BreadcrumbList\",\"@id\":\"https:\\\/\\\/www.ipecon.sk\\\/aplikacia-precitec-komunikacia-s-rezacou-hlavou\\\/#breadcrumb\",\"itemListElement\":[{\"@type\":\"ListItem\",\"position\":1,\"name\":\"Home\",\"item\":\"https:\\\/\\\/www.ipecon.sk\\\/\"},{\"@type\":\"ListItem\",\"position\":2,\"name\":\"Aplik\u00e1cia PRECITEC \u2013 komunik\u00e1cia s rezacou hlavou\"}]},{\"@type\":\"WebSite\",\"@id\":\"https:\\\/\\\/www.ipecon.sk\\\/#website\",\"url\":\"https:\\\/\\\/www.ipecon.sk\\\/\",\"name\":\"IPECON\",\"description\":\"\",\"potentialAction\":[{\"@type\":\"SearchAction\",\"target\":{\"@type\":\"EntryPoint\",\"urlTemplate\":\"https:\\\/\\\/www.ipecon.sk\\\/?s={search_term_string}\"},\"query-input\":{\"@type\":\"PropertyValueSpecification\",\"valueRequired\":true,\"valueName\":\"search_term_string\"}}],\"inLanguage\":\"en-GB\"},{\"@type\":\"Person\",\"@id\":\"https:\\\/\\\/www.ipecon.sk\\\/#\\\/schema\\\/person\\\/c6a7b2f621c408001de0eeb32364cbc1\",\"name\":\"Marek Ryb\u00e1r\",\"description\":\"Autor \u010dl\u00e1nku &nbsp; &nbsp; obchodno-technick\u00fd mana\u017e\u00e9r marek.rybar@ipecon.sk +421 905 433 567\",\"url\":\"https:\\\/\\\/www.ipecon.sk\\\/en\\\/author\\\/marek-rybar\\\/\"}]}<\/script>\n<!-- \/ Yoast SEO plugin. -->","yoast_head_json":{"title":"Aplik\u00e1cia PRECITEC \u2013 komunik\u00e1cia s rezacou hlavou - IPECON","robots":{"index":"index","follow":"follow","max-snippet":"max-snippet:-1","max-image-preview":"max-image-preview:large","max-video-preview":"max-video-preview:-1"},"canonical":"https:\/\/www.ipecon.sk\/en\/aplikacia-precitec-komunikacia-s-rezacou-hlavou\/","og_locale":"en_GB","og_type":"article","og_title":"Aplik\u00e1cia PRECITEC \u2013 komunik\u00e1cia s rezacou hlavou - IPECON","og_description":"Pre zistenie mno\u017estva podrobn\u00fdch inform\u00e1cii o stave rezacej hlavy doporu\u010dujeme pou\u017ei\u0165 aplik\u00e1ciu Precitec ProCutter. Po jej stiahnut\u00ed a nain\u0161talovan\u00ed do Va\u0161eho mobiln\u00e9ho zariadenia (telef\u00f3n, tablet) sa aplik\u00e1cia cez Bluetooth prep\u00e1ja s laserovou hlavou a komfortne online zobrazuje stavy rezacej hlavy po\u010das prev\u00e1dzky laseru.&nbsp;Okrem toho v okne syst\u00e9mu existuje tla\u010didlo, ktor\u00e9 spust\u00ed z\u00e1znam meran\u00fdch hodn\u00f4t. Hodnoty [&hellip;]","og_url":"https:\/\/www.ipecon.sk\/en\/aplikacia-precitec-komunikacia-s-rezacou-hlavou\/","og_site_name":"IPECON","article_published_time":"2017-03-22T11:24:55+00:00","article_modified_time":"2023-08-09T12:18:00+00:00","og_image":[{"width":640,"height":330,"url":"https:\/\/www.ipecon.sk\/wp-content\/uploads\/2023\/07\/Precitecapp.png","type":"image\/png"}],"author":"Marek Ryb\u00e1r","twitter_card":"summary_large_image","twitter_misc":{"Written by":"Marek Ryb\u00e1r","Estimated reading time":"2 minutes"},"schema":{"@context":"https:\/\/schema.org","@graph":[{"@type":"Article","@id":"https:\/\/www.ipecon.sk\/aplikacia-precitec-komunikacia-s-rezacou-hlavou\/#article","isPartOf":{"@id":"https:\/\/www.ipecon.sk\/aplikacia-precitec-komunikacia-s-rezacou-hlavou\/"},"author":{"name":"Marek Ryb\u00e1r","@id":"https:\/\/www.ipecon.sk\/#\/schema\/person\/c6a7b2f621c408001de0eeb32364cbc1"},"headline":"Aplik\u00e1cia PRECITEC \u2013 komunik\u00e1cia s rezacou hlavou","datePublished":"2017-03-22T11:24:55+00:00","dateModified":"2023-08-09T12:18:00+00:00","mainEntityOfPage":{"@id":"https:\/\/www.ipecon.sk\/aplikacia-precitec-komunikacia-s-rezacou-hlavou\/"},"wordCount":217,"commentCount":0,"image":{"@id":"https:\/\/www.ipecon.sk\/aplikacia-precitec-komunikacia-s-rezacou-hlavou\/#primaryimage"},"thumbnailUrl":"https:\/\/www.ipecon.sk\/wp-content\/uploads\/2023\/07\/Precitecapp.png","articleSection":["Fiber lasery"],"inLanguage":"en-GB","potentialAction":[{"@type":"CommentAction","name":"Comment","target":["https:\/\/www.ipecon.sk\/aplikacia-precitec-komunikacia-s-rezacou-hlavou\/#respond"]}]},{"@type":"WebPage","@id":"https:\/\/www.ipecon.sk\/aplikacia-precitec-komunikacia-s-rezacou-hlavou\/","url":"https:\/\/www.ipecon.sk\/aplikacia-precitec-komunikacia-s-rezacou-hlavou\/","name":"Aplik\u00e1cia PRECITEC \u2013 komunik\u00e1cia s rezacou hlavou - IPECON","isPartOf":{"@id":"https:\/\/www.ipecon.sk\/#website"},"primaryImageOfPage":{"@id":"https:\/\/www.ipecon.sk\/aplikacia-precitec-komunikacia-s-rezacou-hlavou\/#primaryimage"},"image":{"@id":"https:\/\/www.ipecon.sk\/aplikacia-precitec-komunikacia-s-rezacou-hlavou\/#primaryimage"},"thumbnailUrl":"https:\/\/www.ipecon.sk\/wp-content\/uploads\/2023\/07\/Precitecapp.png","datePublished":"2017-03-22T11:24:55+00:00","dateModified":"2023-08-09T12:18:00+00:00","author":{"@id":"https:\/\/www.ipecon.sk\/#\/schema\/person\/c6a7b2f621c408001de0eeb32364cbc1"},"breadcrumb":{"@id":"https:\/\/www.ipecon.sk\/aplikacia-precitec-komunikacia-s-rezacou-hlavou\/#breadcrumb"},"inLanguage":"en-GB","potentialAction":[{"@type":"ReadAction","target":["https:\/\/www.ipecon.sk\/aplikacia-precitec-komunikacia-s-rezacou-hlavou\/"]}]},{"@type":"ImageObject","inLanguage":"en-GB","@id":"https:\/\/www.ipecon.sk\/aplikacia-precitec-komunikacia-s-rezacou-hlavou\/#primaryimage","url":"https:\/\/www.ipecon.sk\/wp-content\/uploads\/2023\/07\/Precitecapp.png","contentUrl":"https:\/\/www.ipecon.sk\/wp-content\/uploads\/2023\/07\/Precitecapp.png","width":640,"height":330},{"@type":"BreadcrumbList","@id":"https:\/\/www.ipecon.sk\/aplikacia-precitec-komunikacia-s-rezacou-hlavou\/#breadcrumb","itemListElement":[{"@type":"ListItem","position":1,"name":"Home","item":"https:\/\/www.ipecon.sk\/"},{"@type":"ListItem","position":2,"name":"Aplik\u00e1cia PRECITEC \u2013 komunik\u00e1cia s rezacou hlavou"}]},{"@type":"WebSite","@id":"https:\/\/www.ipecon.sk\/#website","url":"https:\/\/www.ipecon.sk\/","name":"IPECON","description":"","potentialAction":[{"@type":"SearchAction","target":{"@type":"EntryPoint","urlTemplate":"https:\/\/www.ipecon.sk\/?s={search_term_string}"},"query-input":{"@type":"PropertyValueSpecification","valueRequired":true,"valueName":"search_term_string"}}],"inLanguage":"en-GB"},{"@type":"Person","@id":"https:\/\/www.ipecon.sk\/#\/schema\/person\/c6a7b2f621c408001de0eeb32364cbc1","name":"Marek Ryb\u00e1r","description":"Autor \u010dl\u00e1nku &nbsp; &nbsp; obchodno-technick\u00fd mana\u017e\u00e9r marek.rybar@ipecon.sk +421 905 433 567","url":"https:\/\/www.ipecon.sk\/en\/author\/marek-rybar\/"}]}},"_links":{"self":[{"href":"https:\/\/www.ipecon.sk\/en\/wp-json\/wp\/v2\/posts\/3568","targetHints":{"allow":["GET"]}}],"collection":[{"href":"https:\/\/www.ipecon.sk\/en\/wp-json\/wp\/v2\/posts"}],"about":[{"href":"https:\/\/www.ipecon.sk\/en\/wp-json\/wp\/v2\/types\/post"}],"author":[{"embeddable":true,"href":"https:\/\/www.ipecon.sk\/en\/wp-json\/wp\/v2\/users\/14"}],"replies":[{"embeddable":true,"href":"https:\/\/www.ipecon.sk\/en\/wp-json\/wp\/v2\/comments?post=3568"}],"version-history":[{"count":2,"href":"https:\/\/www.ipecon.sk\/en\/wp-json\/wp\/v2\/posts\/3568\/revisions"}],"predecessor-version":[{"id":4778,"href":"https:\/\/www.ipecon.sk\/en\/wp-json\/wp\/v2\/posts\/3568\/revisions\/4778"}],"wp:featuredmedia":[{"embeddable":true,"href":"https:\/\/www.ipecon.sk\/en\/wp-json\/wp\/v2\/media\/3569"}],"wp:attachment":[{"href":"https:\/\/www.ipecon.sk\/en\/wp-json\/wp\/v2\/media?parent=3568"}],"wp:term":[{"taxonomy":"category","embeddable":true,"href":"https:\/\/www.ipecon.sk\/en\/wp-json\/wp\/v2\/categories?post=3568"},{"taxonomy":"post_tag","embeddable":true,"href":"https:\/\/www.ipecon.sk\/en\/wp-json\/wp\/v2\/tags?post=3568"}],"curies":[{"name":"wp","href":"https:\/\/api.w.org\/{rel}","templated":true}]}}