{"id":3556,"date":"2018-06-01T11:08:41","date_gmt":"2018-06-01T11:08:41","guid":{"rendered":"https:\/\/www.ipecon.sk\/?p=3556"},"modified":"2023-07-13T08:23:31","modified_gmt":"2023-07-13T08:23:31","slug":"nove-moznosti-osi-zadneho-dorazu-pre-ad-r-a-pbf","status":"publish","type":"post","link":"https:\/\/www.ipecon.sk\/en\/nove-moznosti-osi-zadneho-dorazu-pre-ad-r-a-pbf\/","title":{"rendered":"<strong>Nov\u00e9 mo\u017enosti osi zadn\u00e9ho dorazu pre AD-R a PBF<\/strong>"},"content":{"rendered":"<hr class=\"wp-block-separator has-alpha-channel-opacity is-style-wide\" \/>\n\n\n\n<p>Od roku 2018 pon\u00fakame roz\u0161\u00edren\u00e9 mo\u017enosti CNC osi zadn\u00e9ho dorazu pre ohra\u0148ovacie lisy AD-R a PBF. Doteraz mali lisy strednej cenovej kateg\u00f3rie AD-R zadn\u00fd doraz polohovan\u00fd v osi X (lisy AD-R3), alebo v osi X a R (lisy AD-R4). Teraz je mo\u017en\u00e9 nov\u00e9 lisy AD-R objedna\u0165 aj s CNC riaden\u00fdmi osami X, R a Z1, Z1 \u2013 aj s automatick\u00fdm nastavovan\u00edm palcov zadn\u00e9ho dorazu k sebe\/od seba.<\/p>\n\n\n\n<figure class=\"wp-block-image aligncenter\"><img decoding=\"async\" src=\"https:\/\/ps.ipecon.sk\/wp-content\/uploads\/2018\/01\/ADR_zadnydorazXRZ1Z2_velky-1024x434.jpg\" alt=\"\" class=\"wp-image-3896\" \/><\/figure>\n\n\n\n<p>Z\u00e1kladn\u00e9 najlacnej\u0161ie ohra\u0148ovacie lisy PBF mali doteraz zadn\u00fd doraz polohovan\u00fd iba v osi X, bez \u010fal\u0161\u00edch mo\u017enost\u00ed. R1,R2 a Z1,Z1 bolo mo\u017en\u00e9 nastavova\u0165 iba manu\u00e1lne.<\/p>\n\n\n\n<figure class=\"wp-block-image aligncenter\"><img decoding=\"async\" src=\"https:\/\/ps.ipecon.sk\/wp-content\/uploads\/2017\/11\/PBF_zadnydoraz-1024x485.jpg\" alt=\"\" class=\"wp-image-3879\" \/><\/figure>\n\n\n\n<p>Teraz je mo\u017en\u00e9 nov\u00e9 lisy PBF objedna\u0165 aj s CNC riadenou osou R \u2013 aj s automatick\u00fdm v\u00fd\u0161kov\u00fdm nastavovan\u00edm palcov zadn\u00e9ho dorazu.<\/p>\n\n\n\n<p>Takto na\u0161im \u00faplne najlacnej\u0161\u00edm lisom PBF a lisom strednej cenovej kateg\u00f3rie AD-R dopl\u0148ujeme volite\u013en\u00e9 pr\u00edslu\u0161enstvo, ktor\u00e9 doteraz pon\u00fakali iba o radu vy\u0161\u0161ie lisy.<\/p>","protected":false},"excerpt":{"rendered":"<p>Od roku 2018 pon\u00fakame roz\u0161\u00edren\u00e9 mo\u017enosti CNC osi zadn\u00e9ho dorazu pre ohra\u0148ovacie lisy AD-R a PBF. Doteraz mali lisy strednej cenovej kateg\u00f3rie AD-R zadn\u00fd doraz polohovan\u00fd v osi X (lisy AD-R3), alebo v osi X a R (lisy AD-R4). Teraz je mo\u017en\u00e9 nov\u00e9 lisy AD-R objedna\u0165 aj s CNC riaden\u00fdmi osami X, R a Z1, [&hellip;]<\/p>\n","protected":false},"author":14,"featured_media":3557,"comment_status":"open","ping_status":"open","sticky":false,"template":"","format":"standard","meta":{"_acf_changed":false,"_et_pb_use_builder":"off","_et_pb_old_content":"","_et_gb_content_width":"","footnotes":""},"categories":[47],"tags":[],"class_list":["post-3556","post","type-post","status-publish","format-standard","has-post-thumbnail","hentry","category-ohranovacie-lisy"],"acf":[],"yoast_head":"<!-- This site is optimized with the Yoast SEO plugin v27.4 - https:\/\/yoast.com\/product\/yoast-seo-wordpress\/ -->\n<title>Nov\u00e9 mo\u017enosti osi zadn\u00e9ho dorazu pre AD-R a PBF - IPECON<\/title>\n<meta name=\"robots\" content=\"index, follow, max-snippet:-1, max-image-preview:large, max-video-preview:-1\" \/>\n<link rel=\"canonical\" href=\"https:\/\/www.ipecon.sk\/en\/nove-moznosti-osi-zadneho-dorazu-pre-ad-r-a-pbf\/\" \/>\n<meta property=\"og:locale\" content=\"en_GB\" \/>\n<meta property=\"og:type\" content=\"article\" \/>\n<meta property=\"og:title\" content=\"Nov\u00e9 mo\u017enosti osi zadn\u00e9ho dorazu pre AD-R a PBF - IPECON\" \/>\n<meta property=\"og:description\" content=\"Od roku 2018 pon\u00fakame roz\u0161\u00edren\u00e9 mo\u017enosti CNC osi zadn\u00e9ho dorazu pre ohra\u0148ovacie lisy AD-R a PBF. Doteraz mali lisy strednej cenovej kateg\u00f3rie AD-R zadn\u00fd doraz polohovan\u00fd v osi X (lisy AD-R3), alebo v osi X a R (lisy AD-R4). Teraz je mo\u017en\u00e9 nov\u00e9 lisy AD-R objedna\u0165 aj s CNC riaden\u00fdmi osami X, R a Z1, [&hellip;]\" \/>\n<meta property=\"og:url\" content=\"https:\/\/www.ipecon.sk\/en\/nove-moznosti-osi-zadneho-dorazu-pre-ad-r-a-pbf\/\" \/>\n<meta property=\"og:site_name\" content=\"IPECON\" \/>\n<meta property=\"article:published_time\" content=\"2018-06-01T11:08:41+00:00\" \/>\n<meta property=\"article:modified_time\" content=\"2023-07-13T08:23:31+00:00\" \/>\n<meta property=\"og:image\" content=\"https:\/\/www.ipecon.sk\/wp-content\/uploads\/2023\/07\/ZDmotiv1.jpg\" \/>\n\t<meta property=\"og:image:width\" content=\"640\" \/>\n\t<meta property=\"og:image:height\" content=\"330\" \/>\n\t<meta property=\"og:image:type\" content=\"image\/jpeg\" \/>\n<meta name=\"author\" content=\"Marek Ryb\u00e1r\" \/>\n<meta name=\"twitter:card\" content=\"summary_large_image\" \/>\n<meta name=\"twitter:label1\" content=\"Written by\" \/>\n\t<meta name=\"twitter:data1\" content=\"Marek Ryb\u00e1r\" \/>\n\t<meta name=\"twitter:label2\" content=\"Estimated reading time\" \/>\n\t<meta name=\"twitter:data2\" content=\"1 minute\" \/>\n<script type=\"application\/ld+json\" class=\"yoast-schema-graph\">{\"@context\":\"https:\\\/\\\/schema.org\",\"@graph\":[{\"@type\":\"Article\",\"@id\":\"https:\\\/\\\/www.ipecon.sk\\\/nove-moznosti-osi-zadneho-dorazu-pre-ad-r-a-pbf\\\/#article\",\"isPartOf\":{\"@id\":\"https:\\\/\\\/www.ipecon.sk\\\/nove-moznosti-osi-zadneho-dorazu-pre-ad-r-a-pbf\\\/\"},\"author\":{\"name\":\"Marek Ryb\u00e1r\",\"@id\":\"https:\\\/\\\/www.ipecon.sk\\\/#\\\/schema\\\/person\\\/c6a7b2f621c408001de0eeb32364cbc1\"},\"headline\":\"Nov\u00e9 mo\u017enosti osi zadn\u00e9ho dorazu pre AD-R a PBF\",\"datePublished\":\"2018-06-01T11:08:41+00:00\",\"dateModified\":\"2023-07-13T08:23:31+00:00\",\"mainEntityOfPage\":{\"@id\":\"https:\\\/\\\/www.ipecon.sk\\\/nove-moznosti-osi-zadneho-dorazu-pre-ad-r-a-pbf\\\/\"},\"wordCount\":181,\"commentCount\":0,\"image\":{\"@id\":\"https:\\\/\\\/www.ipecon.sk\\\/nove-moznosti-osi-zadneho-dorazu-pre-ad-r-a-pbf\\\/#primaryimage\"},\"thumbnailUrl\":\"https:\\\/\\\/www.ipecon.sk\\\/wp-content\\\/uploads\\\/2023\\\/07\\\/ZDmotiv1.jpg\",\"articleSection\":[\"Ohra\u0148ovacie lisy\"],\"inLanguage\":\"en-GB\",\"potentialAction\":[{\"@type\":\"CommentAction\",\"name\":\"Comment\",\"target\":[\"https:\\\/\\\/www.ipecon.sk\\\/nove-moznosti-osi-zadneho-dorazu-pre-ad-r-a-pbf\\\/#respond\"]}]},{\"@type\":\"WebPage\",\"@id\":\"https:\\\/\\\/www.ipecon.sk\\\/nove-moznosti-osi-zadneho-dorazu-pre-ad-r-a-pbf\\\/\",\"url\":\"https:\\\/\\\/www.ipecon.sk\\\/nove-moznosti-osi-zadneho-dorazu-pre-ad-r-a-pbf\\\/\",\"name\":\"Nov\u00e9 mo\u017enosti osi zadn\u00e9ho dorazu pre AD-R a PBF - IPECON\",\"isPartOf\":{\"@id\":\"https:\\\/\\\/www.ipecon.sk\\\/#website\"},\"primaryImageOfPage\":{\"@id\":\"https:\\\/\\\/www.ipecon.sk\\\/nove-moznosti-osi-zadneho-dorazu-pre-ad-r-a-pbf\\\/#primaryimage\"},\"image\":{\"@id\":\"https:\\\/\\\/www.ipecon.sk\\\/nove-moznosti-osi-zadneho-dorazu-pre-ad-r-a-pbf\\\/#primaryimage\"},\"thumbnailUrl\":\"https:\\\/\\\/www.ipecon.sk\\\/wp-content\\\/uploads\\\/2023\\\/07\\\/ZDmotiv1.jpg\",\"datePublished\":\"2018-06-01T11:08:41+00:00\",\"dateModified\":\"2023-07-13T08:23:31+00:00\",\"author\":{\"@id\":\"https:\\\/\\\/www.ipecon.sk\\\/#\\\/schema\\\/person\\\/c6a7b2f621c408001de0eeb32364cbc1\"},\"breadcrumb\":{\"@id\":\"https:\\\/\\\/www.ipecon.sk\\\/nove-moznosti-osi-zadneho-dorazu-pre-ad-r-a-pbf\\\/#breadcrumb\"},\"inLanguage\":\"en-GB\",\"potentialAction\":[{\"@type\":\"ReadAction\",\"target\":[\"https:\\\/\\\/www.ipecon.sk\\\/nove-moznosti-osi-zadneho-dorazu-pre-ad-r-a-pbf\\\/\"]}]},{\"@type\":\"ImageObject\",\"inLanguage\":\"en-GB\",\"@id\":\"https:\\\/\\\/www.ipecon.sk\\\/nove-moznosti-osi-zadneho-dorazu-pre-ad-r-a-pbf\\\/#primaryimage\",\"url\":\"https:\\\/\\\/www.ipecon.sk\\\/wp-content\\\/uploads\\\/2023\\\/07\\\/ZDmotiv1.jpg\",\"contentUrl\":\"https:\\\/\\\/www.ipecon.sk\\\/wp-content\\\/uploads\\\/2023\\\/07\\\/ZDmotiv1.jpg\",\"width\":640,\"height\":330},{\"@type\":\"BreadcrumbList\",\"@id\":\"https:\\\/\\\/www.ipecon.sk\\\/nove-moznosti-osi-zadneho-dorazu-pre-ad-r-a-pbf\\\/#breadcrumb\",\"itemListElement\":[{\"@type\":\"ListItem\",\"position\":1,\"name\":\"Home\",\"item\":\"https:\\\/\\\/www.ipecon.sk\\\/\"},{\"@type\":\"ListItem\",\"position\":2,\"name\":\"Nov\u00e9 mo\u017enosti osi zadn\u00e9ho dorazu pre AD-R a PBF\"}]},{\"@type\":\"WebSite\",\"@id\":\"https:\\\/\\\/www.ipecon.sk\\\/#website\",\"url\":\"https:\\\/\\\/www.ipecon.sk\\\/\",\"name\":\"IPECON\",\"description\":\"\",\"potentialAction\":[{\"@type\":\"SearchAction\",\"target\":{\"@type\":\"EntryPoint\",\"urlTemplate\":\"https:\\\/\\\/www.ipecon.sk\\\/?s={search_term_string}\"},\"query-input\":{\"@type\":\"PropertyValueSpecification\",\"valueRequired\":true,\"valueName\":\"search_term_string\"}}],\"inLanguage\":\"en-GB\"},{\"@type\":\"Person\",\"@id\":\"https:\\\/\\\/www.ipecon.sk\\\/#\\\/schema\\\/person\\\/c6a7b2f621c408001de0eeb32364cbc1\",\"name\":\"Marek Ryb\u00e1r\",\"description\":\"Autor \u010dl\u00e1nku &nbsp; &nbsp; obchodno-technick\u00fd mana\u017e\u00e9r marek.rybar@ipecon.sk +421 905 433 567\",\"url\":\"https:\\\/\\\/www.ipecon.sk\\\/en\\\/author\\\/marek-rybar\\\/\"}]}<\/script>\n<!-- \/ Yoast SEO plugin. -->","yoast_head_json":{"title":"Nov\u00e9 mo\u017enosti osi zadn\u00e9ho dorazu pre AD-R a PBF - IPECON","robots":{"index":"index","follow":"follow","max-snippet":"max-snippet:-1","max-image-preview":"max-image-preview:large","max-video-preview":"max-video-preview:-1"},"canonical":"https:\/\/www.ipecon.sk\/en\/nove-moznosti-osi-zadneho-dorazu-pre-ad-r-a-pbf\/","og_locale":"en_GB","og_type":"article","og_title":"Nov\u00e9 mo\u017enosti osi zadn\u00e9ho dorazu pre AD-R a PBF - IPECON","og_description":"Od roku 2018 pon\u00fakame roz\u0161\u00edren\u00e9 mo\u017enosti CNC osi zadn\u00e9ho dorazu pre ohra\u0148ovacie lisy AD-R a PBF. Doteraz mali lisy strednej cenovej kateg\u00f3rie AD-R zadn\u00fd doraz polohovan\u00fd v osi X (lisy AD-R3), alebo v osi X a R (lisy AD-R4). Teraz je mo\u017en\u00e9 nov\u00e9 lisy AD-R objedna\u0165 aj s CNC riaden\u00fdmi osami X, R a Z1, [&hellip;]","og_url":"https:\/\/www.ipecon.sk\/en\/nove-moznosti-osi-zadneho-dorazu-pre-ad-r-a-pbf\/","og_site_name":"IPECON","article_published_time":"2018-06-01T11:08:41+00:00","article_modified_time":"2023-07-13T08:23:31+00:00","og_image":[{"width":640,"height":330,"url":"https:\/\/www.ipecon.sk\/wp-content\/uploads\/2023\/07\/ZDmotiv1.jpg","type":"image\/jpeg"}],"author":"Marek Ryb\u00e1r","twitter_card":"summary_large_image","twitter_misc":{"Written by":"Marek Ryb\u00e1r","Estimated reading time":"1 minute"},"schema":{"@context":"https:\/\/schema.org","@graph":[{"@type":"Article","@id":"https:\/\/www.ipecon.sk\/nove-moznosti-osi-zadneho-dorazu-pre-ad-r-a-pbf\/#article","isPartOf":{"@id":"https:\/\/www.ipecon.sk\/nove-moznosti-osi-zadneho-dorazu-pre-ad-r-a-pbf\/"},"author":{"name":"Marek Ryb\u00e1r","@id":"https:\/\/www.ipecon.sk\/#\/schema\/person\/c6a7b2f621c408001de0eeb32364cbc1"},"headline":"Nov\u00e9 mo\u017enosti osi zadn\u00e9ho dorazu pre AD-R a PBF","datePublished":"2018-06-01T11:08:41+00:00","dateModified":"2023-07-13T08:23:31+00:00","mainEntityOfPage":{"@id":"https:\/\/www.ipecon.sk\/nove-moznosti-osi-zadneho-dorazu-pre-ad-r-a-pbf\/"},"wordCount":181,"commentCount":0,"image":{"@id":"https:\/\/www.ipecon.sk\/nove-moznosti-osi-zadneho-dorazu-pre-ad-r-a-pbf\/#primaryimage"},"thumbnailUrl":"https:\/\/www.ipecon.sk\/wp-content\/uploads\/2023\/07\/ZDmotiv1.jpg","articleSection":["Ohra\u0148ovacie lisy"],"inLanguage":"en-GB","potentialAction":[{"@type":"CommentAction","name":"Comment","target":["https:\/\/www.ipecon.sk\/nove-moznosti-osi-zadneho-dorazu-pre-ad-r-a-pbf\/#respond"]}]},{"@type":"WebPage","@id":"https:\/\/www.ipecon.sk\/nove-moznosti-osi-zadneho-dorazu-pre-ad-r-a-pbf\/","url":"https:\/\/www.ipecon.sk\/nove-moznosti-osi-zadneho-dorazu-pre-ad-r-a-pbf\/","name":"Nov\u00e9 mo\u017enosti osi zadn\u00e9ho dorazu pre AD-R a PBF - IPECON","isPartOf":{"@id":"https:\/\/www.ipecon.sk\/#website"},"primaryImageOfPage":{"@id":"https:\/\/www.ipecon.sk\/nove-moznosti-osi-zadneho-dorazu-pre-ad-r-a-pbf\/#primaryimage"},"image":{"@id":"https:\/\/www.ipecon.sk\/nove-moznosti-osi-zadneho-dorazu-pre-ad-r-a-pbf\/#primaryimage"},"thumbnailUrl":"https:\/\/www.ipecon.sk\/wp-content\/uploads\/2023\/07\/ZDmotiv1.jpg","datePublished":"2018-06-01T11:08:41+00:00","dateModified":"2023-07-13T08:23:31+00:00","author":{"@id":"https:\/\/www.ipecon.sk\/#\/schema\/person\/c6a7b2f621c408001de0eeb32364cbc1"},"breadcrumb":{"@id":"https:\/\/www.ipecon.sk\/nove-moznosti-osi-zadneho-dorazu-pre-ad-r-a-pbf\/#breadcrumb"},"inLanguage":"en-GB","potentialAction":[{"@type":"ReadAction","target":["https:\/\/www.ipecon.sk\/nove-moznosti-osi-zadneho-dorazu-pre-ad-r-a-pbf\/"]}]},{"@type":"ImageObject","inLanguage":"en-GB","@id":"https:\/\/www.ipecon.sk\/nove-moznosti-osi-zadneho-dorazu-pre-ad-r-a-pbf\/#primaryimage","url":"https:\/\/www.ipecon.sk\/wp-content\/uploads\/2023\/07\/ZDmotiv1.jpg","contentUrl":"https:\/\/www.ipecon.sk\/wp-content\/uploads\/2023\/07\/ZDmotiv1.jpg","width":640,"height":330},{"@type":"BreadcrumbList","@id":"https:\/\/www.ipecon.sk\/nove-moznosti-osi-zadneho-dorazu-pre-ad-r-a-pbf\/#breadcrumb","itemListElement":[{"@type":"ListItem","position":1,"name":"Home","item":"https:\/\/www.ipecon.sk\/"},{"@type":"ListItem","position":2,"name":"Nov\u00e9 mo\u017enosti osi zadn\u00e9ho dorazu pre AD-R a PBF"}]},{"@type":"WebSite","@id":"https:\/\/www.ipecon.sk\/#website","url":"https:\/\/www.ipecon.sk\/","name":"IPECON","description":"","potentialAction":[{"@type":"SearchAction","target":{"@type":"EntryPoint","urlTemplate":"https:\/\/www.ipecon.sk\/?s={search_term_string}"},"query-input":{"@type":"PropertyValueSpecification","valueRequired":true,"valueName":"search_term_string"}}],"inLanguage":"en-GB"},{"@type":"Person","@id":"https:\/\/www.ipecon.sk\/#\/schema\/person\/c6a7b2f621c408001de0eeb32364cbc1","name":"Marek Ryb\u00e1r","description":"Autor \u010dl\u00e1nku &nbsp; &nbsp; obchodno-technick\u00fd mana\u017e\u00e9r marek.rybar@ipecon.sk +421 905 433 567","url":"https:\/\/www.ipecon.sk\/en\/author\/marek-rybar\/"}]}},"_links":{"self":[{"href":"https:\/\/www.ipecon.sk\/en\/wp-json\/wp\/v2\/posts\/3556","targetHints":{"allow":["GET"]}}],"collection":[{"href":"https:\/\/www.ipecon.sk\/en\/wp-json\/wp\/v2\/posts"}],"about":[{"href":"https:\/\/www.ipecon.sk\/en\/wp-json\/wp\/v2\/types\/post"}],"author":[{"embeddable":true,"href":"https:\/\/www.ipecon.sk\/en\/wp-json\/wp\/v2\/users\/14"}],"replies":[{"embeddable":true,"href":"https:\/\/www.ipecon.sk\/en\/wp-json\/wp\/v2\/comments?post=3556"}],"version-history":[{"count":0,"href":"https:\/\/www.ipecon.sk\/en\/wp-json\/wp\/v2\/posts\/3556\/revisions"}],"wp:featuredmedia":[{"embeddable":true,"href":"https:\/\/www.ipecon.sk\/en\/wp-json\/wp\/v2\/media\/3557"}],"wp:attachment":[{"href":"https:\/\/www.ipecon.sk\/en\/wp-json\/wp\/v2\/media?parent=3556"}],"wp:term":[{"taxonomy":"category","embeddable":true,"href":"https:\/\/www.ipecon.sk\/en\/wp-json\/wp\/v2\/categories?post=3556"},{"taxonomy":"post_tag","embeddable":true,"href":"https:\/\/www.ipecon.sk\/en\/wp-json\/wp\/v2\/tags?post=3556"}],"curies":[{"name":"wp","href":"https:\/\/api.w.org\/{rel}","templated":true}]}}