{"id":3538,"date":"2018-03-21T10:15:46","date_gmt":"2018-03-21T10:15:46","guid":{"rendered":"https:\/\/www.ipecon.sk\/?p=3538"},"modified":"2024-02-16T08:15:27","modified_gmt":"2024-02-16T08:15:27","slug":"spravna-strizna-vola-zabezpecuje-spravny-strih","status":"publish","type":"post","link":"https:\/\/www.ipecon.sk\/en\/spravna-strizna-vola-zabezpecuje-spravny-strih\/","title":{"rendered":"Spr\u00e1vna stri\u017en\u00e1 v\u00f4\u013ea zabezpe\u010duje spr\u00e1vny strih strojov IW a P"},"content":{"rendered":"<hr class=\"wp-block-separator has-alpha-channel-opacity is-style-wide\"\/><p>Ve\u013ekos\u0165 stri\u017enej medzery medzi razn\u00edkom a\u00a0raznicou pri dierovac\u00edch strojoch <strong><em><mark style=\"background-color:rgba(0, 0, 0, 0)\" class=\"has-inline-color has-vivid-red-color\">DURMA <\/mark><\/em>IW <\/strong>a <strong>P<\/strong> nem\u00e1 vplyv len na ich \u017eivotnos\u0165, ale aj na v\u00fdsledn\u00fa kvalitu dierovan\u00e9ho otvoru. V\u00a0praxi sa ve\u013ekos\u0165 tejto medzery vol\u00ed v\u00a0z\u00e1vislosti od hr\u00fabky dierovan\u00e9ho materi\u00e1lu. Spr\u00e1vne zvolen\u00e1 stri\u017en\u00e1 medzera vytv\u00e1ra otvory, ktor\u00fdch horn\u00e1 \u2153 je cylindrick\u00e1 a\u00a0spodn\u00e9 \u2154 s\u00fa mierne k\u00f3nick\u00e9, tak ako to zobrazuje obr\u00e1zok .<\/p><figure class=\"wp-block-image aligncenter\"><img decoding=\"async\" src=\"https:\/\/ps.ipecon.sk\/wp-content\/uploads\/2018\/03\/Strih_01.jpg\" alt=\"\" class=\"wp-image-2444\"\/><\/figure><p>Nedostato\u010dn\u00e1 stri\u017en\u00e1 medzera sp\u00f4sobuje efekt druhotn\u00e9ho strihnutia, \u010do sp\u00f4sobuje v\u00e4\u010d\u0161ie opotrebovanie razn\u00edka a&nbsp;t\u00fdm aj zn\u00ed\u017eenie jeho \u017eivotnosti. Toto m\u00f4\u017ee nasta\u0165 aj v&nbsp;pr\u00edpade, \u017ee na za\u010diatku bola medzera zvolen\u00e1 spr\u00e1vne, ale proces strihu je nedostato\u010dne mazan\u00fd (proces strihu doporu\u010dujeme maza\u0165 olejom s \u010do najvy\u0161\u0161ou viskozitou). V pr\u00edpade nedostato\u010dn\u00e9ho mazania sa na razn\u00edk postupne v stotinov\u00fdch vrstv\u00e1ch naba\u013euje strihan\u00fd materi\u00e1l, \u010do \u010dasom sp\u00f4sobuje jeho zv\u00e4\u010d\u0161enie a&nbsp;t\u00fdm p\u00e1dom redukciu stri\u017enej medzery.&nbsp;Naopak, ve\u013ek\u00e1 stri\u017en\u00e1 medzera vytv\u00e1ra otvory, ktor\u00e9 maj\u00fa nevhodn\u00fa spodn\u00fa hranu a&nbsp;t\u00fdm znehodnocuj\u00fa povrch cel\u00e9ho strihan\u00e9ho materi\u00e1lu.<\/p><figure class=\"wp-block-image aligncenter\"><img decoding=\"async\" src=\"https:\/\/ps.ipecon.sk\/wp-content\/uploads\/2018\/03\/Strih_02.jpg\" alt=\"\" class=\"wp-image-2455\"\/><\/figure><p><strong>Tabu\u013eka ni\u017e\u0161ie popisuje nami doporu\u010dovan\u00e9 hodnoty ve\u013ekosti stri\u017enej medzery (v mm) pre naj\u010dastej\u0161ie druhy materi\u00e1lov, pre dierovacie n\u00e1stroje. <\/strong><\/p><p>Je zalo\u017een\u00e1 na sk\u00fasenostiach v\u00fdrobcu dierovac\u00edch n\u00e1strojov MATRIX ale aj na sk\u00fasenostiach z\u00e1kazn\u00edkov priamo z\u00a0praxe, pre dosiahnutie \u010do najlep\u0161ieho v\u00fdsledku a\u00a0\u017eivotnosti n\u00e1strojov.<\/p><p><strong>Pr\u00edklad:<\/strong>&nbsp;\u010cierny materi\u00e1l hr\u00fabky 12 mm bude dierovan\u00fd na hydraulickom dierovacom stroji (DURMA IW alebo P). Priemer razn\u00edka sa mus\u00ed rovna\u0165 priemeru po\u017eadovan\u00e9ho strihan\u00e9ho kruhov\u00e9ho otvoru (napr. 20 mm). Priemer raznice mus\u00ed by\u0165 pod\u013ea hodnoty v tabu\u013eke v\u00e4\u010d\u0161\u00ed o 1,5 mm = 21,5 mm (stri\u017en\u00e1 v\u00f4\u013ea je 1,5 mm).<\/p><figure class=\"wp-block-image\"><img decoding=\"async\" src=\"https:\/\/ps.ipecon.sk\/wp-content\/uploads\/2018\/03\/Tabulka_01.jpg\" alt=\"\" class=\"wp-image-2445\"\/><\/figure>","protected":false},"excerpt":{"rendered":"<p>Ve\u013ekos\u0165 stri\u017enej medzery medzi razn\u00edkom a\u00a0raznicou pri dierovac\u00edch strojoch DURMA IW a P nem\u00e1 vplyv len na ich \u017eivotnos\u0165, ale aj na v\u00fdsledn\u00fa kvalitu dierovan\u00e9ho otvoru. V\u00a0praxi sa ve\u013ekos\u0165 tejto medzery vol\u00ed v\u00a0z\u00e1vislosti od hr\u00fabky dierovan\u00e9ho materi\u00e1lu. Spr\u00e1vne zvolen\u00e1 stri\u017en\u00e1 medzera vytv\u00e1ra otvory, ktor\u00fdch horn\u00e1 \u2153 je cylindrick\u00e1 a\u00a0spodn\u00e9 \u2154 s\u00fa mierne k\u00f3nick\u00e9, tak ako [&hellip;]<\/p>","protected":false},"author":13,"featured_media":3539,"comment_status":"open","ping_status":"open","sticky":false,"template":"","format":"standard","meta":{"_acf_changed":false,"_et_pb_use_builder":"off","_et_pb_old_content":"","_et_gb_content_width":"","footnotes":""},"categories":[56],"tags":[],"class_list":["post-3538","post","type-post","status-publish","format-standard","has-post-thumbnail","hentry","category-dierovacie-stroje"],"acf":[],"yoast_head":"<!-- This site is optimized with the Yoast SEO plugin v24.0 - https:\/\/yoast.com\/wordpress\/plugins\/seo\/ -->\n<title>Spr\u00e1vna stri\u017en\u00e1 v\u00f4\u013ea zabezpe\u010duje spr\u00e1vny strih strojov IW a P - IPECON<\/title>\n<meta name=\"robots\" content=\"index, follow, max-snippet:-1, max-image-preview:large, max-video-preview:-1\" \/>\n<link rel=\"canonical\" href=\"https:\/\/www.ipecon.sk\/en\/spravna-strizna-vola-zabezpecuje-spravny-strih\/\" \/>\n<meta property=\"og:locale\" content=\"en_GB\" \/>\n<meta property=\"og:type\" content=\"article\" \/>\n<meta property=\"og:title\" content=\"Spr\u00e1vna stri\u017en\u00e1 v\u00f4\u013ea zabezpe\u010duje spr\u00e1vny strih strojov IW a P - IPECON\" \/>\n<meta property=\"og:description\" content=\"Ve\u013ekos\u0165 stri\u017enej medzery medzi razn\u00edkom a\u00a0raznicou pri dierovac\u00edch strojoch DURMA IW a P nem\u00e1 vplyv len na ich \u017eivotnos\u0165, ale aj na v\u00fdsledn\u00fa kvalitu dierovan\u00e9ho otvoru. V\u00a0praxi sa ve\u013ekos\u0165 tejto medzery vol\u00ed v\u00a0z\u00e1vislosti od hr\u00fabky dierovan\u00e9ho materi\u00e1lu. Spr\u00e1vne zvolen\u00e1 stri\u017en\u00e1 medzera vytv\u00e1ra otvory, ktor\u00fdch horn\u00e1 \u2153 je cylindrick\u00e1 a\u00a0spodn\u00e9 \u2154 s\u00fa mierne k\u00f3nick\u00e9, tak ako [&hellip;]\" \/>\n<meta property=\"og:url\" content=\"https:\/\/www.ipecon.sk\/en\/spravna-strizna-vola-zabezpecuje-spravny-strih\/\" \/>\n<meta property=\"og:site_name\" content=\"IPECON\" \/>\n<meta property=\"article:published_time\" content=\"2018-03-21T10:15:46+00:00\" \/>\n<meta property=\"article:modified_time\" content=\"2024-02-16T08:15:27+00:00\" \/>\n<meta property=\"og:image\" content=\"https:\/\/www.ipecon.sk\/wp-content\/uploads\/2023\/07\/Motiv_tabulka-1-1.jpg\" \/>\n\t<meta property=\"og:image:width\" content=\"640\" \/>\n\t<meta property=\"og:image:height\" content=\"330\" \/>\n\t<meta property=\"og:image:type\" content=\"image\/jpeg\" \/>\n<meta name=\"author\" content=\"Peter Babjak\" \/>\n<meta name=\"twitter:card\" content=\"summary_large_image\" \/>\n<meta name=\"twitter:label1\" content=\"Written by\" \/>\n\t<meta name=\"twitter:data1\" content=\"Peter Babjak\" \/>\n\t<meta name=\"twitter:label2\" content=\"Estimated reading time\" \/>\n\t<meta name=\"twitter:data2\" content=\"2 minutes\" \/>\n<script type=\"application\/ld+json\" class=\"yoast-schema-graph\">{\"@context\":\"https:\/\/schema.org\",\"@graph\":[{\"@type\":\"WebPage\",\"@id\":\"https:\/\/www.ipecon.sk\/spravna-strizna-vola-zabezpecuje-spravny-strih\/\",\"url\":\"https:\/\/www.ipecon.sk\/spravna-strizna-vola-zabezpecuje-spravny-strih\/\",\"name\":\"Spr\u00e1vna stri\u017en\u00e1 v\u00f4\u013ea zabezpe\u010duje spr\u00e1vny strih strojov IW a P - IPECON\",\"isPartOf\":{\"@id\":\"https:\/\/www.ipecon.sk\/#website\"},\"primaryImageOfPage\":{\"@id\":\"https:\/\/www.ipecon.sk\/spravna-strizna-vola-zabezpecuje-spravny-strih\/#primaryimage\"},\"image\":{\"@id\":\"https:\/\/www.ipecon.sk\/spravna-strizna-vola-zabezpecuje-spravny-strih\/#primaryimage\"},\"thumbnailUrl\":\"https:\/\/www.ipecon.sk\/wp-content\/uploads\/2023\/07\/Motiv_tabulka-1-1.jpg\",\"datePublished\":\"2018-03-21T10:15:46+00:00\",\"dateModified\":\"2024-02-16T08:15:27+00:00\",\"author\":{\"@id\":\"https:\/\/www.ipecon.sk\/#\/schema\/person\/9fe4426e92410655b7f10e88321067a6\"},\"breadcrumb\":{\"@id\":\"https:\/\/www.ipecon.sk\/spravna-strizna-vola-zabezpecuje-spravny-strih\/#breadcrumb\"},\"inLanguage\":\"en-GB\",\"potentialAction\":[{\"@type\":\"ReadAction\",\"target\":[\"https:\/\/www.ipecon.sk\/spravna-strizna-vola-zabezpecuje-spravny-strih\/\"]}]},{\"@type\":\"ImageObject\",\"inLanguage\":\"en-GB\",\"@id\":\"https:\/\/www.ipecon.sk\/spravna-strizna-vola-zabezpecuje-spravny-strih\/#primaryimage\",\"url\":\"https:\/\/www.ipecon.sk\/wp-content\/uploads\/2023\/07\/Motiv_tabulka-1-1.jpg\",\"contentUrl\":\"https:\/\/www.ipecon.sk\/wp-content\/uploads\/2023\/07\/Motiv_tabulka-1-1.jpg\",\"width\":640,\"height\":330},{\"@type\":\"BreadcrumbList\",\"@id\":\"https:\/\/www.ipecon.sk\/spravna-strizna-vola-zabezpecuje-spravny-strih\/#breadcrumb\",\"itemListElement\":[{\"@type\":\"ListItem\",\"position\":1,\"name\":\"Home\",\"item\":\"https:\/\/www.ipecon.sk\/\"},{\"@type\":\"ListItem\",\"position\":2,\"name\":\"Spr\u00e1vna stri\u017en\u00e1 v\u00f4\u013ea zabezpe\u010duje spr\u00e1vny strih strojov IW a P\"}]},{\"@type\":\"WebSite\",\"@id\":\"https:\/\/www.ipecon.sk\/#website\",\"url\":\"https:\/\/www.ipecon.sk\/\",\"name\":\"IPECON\",\"description\":\"\",\"potentialAction\":[{\"@type\":\"SearchAction\",\"target\":{\"@type\":\"EntryPoint\",\"urlTemplate\":\"https:\/\/www.ipecon.sk\/?s={search_term_string}\"},\"query-input\":{\"@type\":\"PropertyValueSpecification\",\"valueRequired\":true,\"valueName\":\"search_term_string\"}}],\"inLanguage\":\"en-GB\"},{\"@type\":\"Person\",\"@id\":\"https:\/\/www.ipecon.sk\/#\/schema\/person\/9fe4426e92410655b7f10e88321067a6\",\"name\":\"Peter Babjak\",\"description\":\"Autor \u010dl\u00e1nku obchodno-technick\u00fd mana\u017e\u00e9r peter.babjak@ipecon.sk +421 917 987 862\",\"url\":\"https:\/\/www.ipecon.sk\/en\/author\/peter-babjak\/\"}]}<\/script>\n<!-- \/ Yoast SEO plugin. -->","yoast_head_json":{"title":"Spr\u00e1vna stri\u017en\u00e1 v\u00f4\u013ea zabezpe\u010duje spr\u00e1vny strih strojov IW a P - IPECON","robots":{"index":"index","follow":"follow","max-snippet":"max-snippet:-1","max-image-preview":"max-image-preview:large","max-video-preview":"max-video-preview:-1"},"canonical":"https:\/\/www.ipecon.sk\/en\/spravna-strizna-vola-zabezpecuje-spravny-strih\/","og_locale":"en_GB","og_type":"article","og_title":"Spr\u00e1vna stri\u017en\u00e1 v\u00f4\u013ea zabezpe\u010duje spr\u00e1vny strih strojov IW a P - IPECON","og_description":"Ve\u013ekos\u0165 stri\u017enej medzery medzi razn\u00edkom a\u00a0raznicou pri dierovac\u00edch strojoch DURMA IW a P nem\u00e1 vplyv len na ich \u017eivotnos\u0165, ale aj na v\u00fdsledn\u00fa kvalitu dierovan\u00e9ho otvoru. V\u00a0praxi sa ve\u013ekos\u0165 tejto medzery vol\u00ed v\u00a0z\u00e1vislosti od hr\u00fabky dierovan\u00e9ho materi\u00e1lu. Spr\u00e1vne zvolen\u00e1 stri\u017en\u00e1 medzera vytv\u00e1ra otvory, ktor\u00fdch horn\u00e1 \u2153 je cylindrick\u00e1 a\u00a0spodn\u00e9 \u2154 s\u00fa mierne k\u00f3nick\u00e9, tak ako [&hellip;]","og_url":"https:\/\/www.ipecon.sk\/en\/spravna-strizna-vola-zabezpecuje-spravny-strih\/","og_site_name":"IPECON","article_published_time":"2018-03-21T10:15:46+00:00","article_modified_time":"2024-02-16T08:15:27+00:00","og_image":[{"width":640,"height":330,"url":"https:\/\/www.ipecon.sk\/wp-content\/uploads\/2023\/07\/Motiv_tabulka-1-1.jpg","type":"image\/jpeg"}],"author":"Peter Babjak","twitter_card":"summary_large_image","twitter_misc":{"Written by":"Peter Babjak","Estimated reading time":"2 minutes"},"schema":{"@context":"https:\/\/schema.org","@graph":[{"@type":"WebPage","@id":"https:\/\/www.ipecon.sk\/spravna-strizna-vola-zabezpecuje-spravny-strih\/","url":"https:\/\/www.ipecon.sk\/spravna-strizna-vola-zabezpecuje-spravny-strih\/","name":"Spr\u00e1vna stri\u017en\u00e1 v\u00f4\u013ea zabezpe\u010duje spr\u00e1vny strih strojov IW a P - IPECON","isPartOf":{"@id":"https:\/\/www.ipecon.sk\/#website"},"primaryImageOfPage":{"@id":"https:\/\/www.ipecon.sk\/spravna-strizna-vola-zabezpecuje-spravny-strih\/#primaryimage"},"image":{"@id":"https:\/\/www.ipecon.sk\/spravna-strizna-vola-zabezpecuje-spravny-strih\/#primaryimage"},"thumbnailUrl":"https:\/\/www.ipecon.sk\/wp-content\/uploads\/2023\/07\/Motiv_tabulka-1-1.jpg","datePublished":"2018-03-21T10:15:46+00:00","dateModified":"2024-02-16T08:15:27+00:00","author":{"@id":"https:\/\/www.ipecon.sk\/#\/schema\/person\/9fe4426e92410655b7f10e88321067a6"},"breadcrumb":{"@id":"https:\/\/www.ipecon.sk\/spravna-strizna-vola-zabezpecuje-spravny-strih\/#breadcrumb"},"inLanguage":"en-GB","potentialAction":[{"@type":"ReadAction","target":["https:\/\/www.ipecon.sk\/spravna-strizna-vola-zabezpecuje-spravny-strih\/"]}]},{"@type":"ImageObject","inLanguage":"en-GB","@id":"https:\/\/www.ipecon.sk\/spravna-strizna-vola-zabezpecuje-spravny-strih\/#primaryimage","url":"https:\/\/www.ipecon.sk\/wp-content\/uploads\/2023\/07\/Motiv_tabulka-1-1.jpg","contentUrl":"https:\/\/www.ipecon.sk\/wp-content\/uploads\/2023\/07\/Motiv_tabulka-1-1.jpg","width":640,"height":330},{"@type":"BreadcrumbList","@id":"https:\/\/www.ipecon.sk\/spravna-strizna-vola-zabezpecuje-spravny-strih\/#breadcrumb","itemListElement":[{"@type":"ListItem","position":1,"name":"Home","item":"https:\/\/www.ipecon.sk\/"},{"@type":"ListItem","position":2,"name":"Spr\u00e1vna stri\u017en\u00e1 v\u00f4\u013ea zabezpe\u010duje spr\u00e1vny strih strojov IW a P"}]},{"@type":"WebSite","@id":"https:\/\/www.ipecon.sk\/#website","url":"https:\/\/www.ipecon.sk\/","name":"IPECON","description":"","potentialAction":[{"@type":"SearchAction","target":{"@type":"EntryPoint","urlTemplate":"https:\/\/www.ipecon.sk\/?s={search_term_string}"},"query-input":{"@type":"PropertyValueSpecification","valueRequired":true,"valueName":"search_term_string"}}],"inLanguage":"en-GB"},{"@type":"Person","@id":"https:\/\/www.ipecon.sk\/#\/schema\/person\/9fe4426e92410655b7f10e88321067a6","name":"Peter Babjak","description":"Autor \u010dl\u00e1nku obchodno-technick\u00fd mana\u017e\u00e9r peter.babjak@ipecon.sk +421 917 987 862","url":"https:\/\/www.ipecon.sk\/en\/author\/peter-babjak\/"}]}},"_links":{"self":[{"href":"https:\/\/www.ipecon.sk\/en\/wp-json\/wp\/v2\/posts\/3538","targetHints":{"allow":["GET"]}}],"collection":[{"href":"https:\/\/www.ipecon.sk\/en\/wp-json\/wp\/v2\/posts"}],"about":[{"href":"https:\/\/www.ipecon.sk\/en\/wp-json\/wp\/v2\/types\/post"}],"author":[{"embeddable":true,"href":"https:\/\/www.ipecon.sk\/en\/wp-json\/wp\/v2\/users\/13"}],"replies":[{"embeddable":true,"href":"https:\/\/www.ipecon.sk\/en\/wp-json\/wp\/v2\/comments?post=3538"}],"version-history":[{"count":2,"href":"https:\/\/www.ipecon.sk\/en\/wp-json\/wp\/v2\/posts\/3538\/revisions"}],"predecessor-version":[{"id":4914,"href":"https:\/\/www.ipecon.sk\/en\/wp-json\/wp\/v2\/posts\/3538\/revisions\/4914"}],"wp:featuredmedia":[{"embeddable":true,"href":"https:\/\/www.ipecon.sk\/en\/wp-json\/wp\/v2\/media\/3539"}],"wp:attachment":[{"href":"https:\/\/www.ipecon.sk\/en\/wp-json\/wp\/v2\/media?parent=3538"}],"wp:term":[{"taxonomy":"category","embeddable":true,"href":"https:\/\/www.ipecon.sk\/en\/wp-json\/wp\/v2\/categories?post=3538"},{"taxonomy":"post_tag","embeddable":true,"href":"https:\/\/www.ipecon.sk\/en\/wp-json\/wp\/v2\/tags?post=3538"}],"curies":[{"name":"wp","href":"https:\/\/api.w.org\/{rel}","templated":true}]}}