{"id":3463,"date":"2019-01-04T11:31:22","date_gmt":"2019-01-04T11:31:22","guid":{"rendered":"https:\/\/www.ipecon.sk\/?p=3463"},"modified":"2023-07-13T08:16:18","modified_gmt":"2023-07-13T08:16:18","slug":"4-generacia-fiber-laserov-durma-je-na-trhu","status":"publish","type":"post","link":"https:\/\/www.ipecon.sk\/en\/4-generacia-fiber-laserov-durma-je-na-trhu\/","title":{"rendered":"<strong>4. Gener\u00e1cia FIBER Laserov DURMA je na trhu<\/strong>"},"content":{"rendered":"<hr class=\"wp-block-separator has-alpha-channel-opacity is-style-wide\" \/>\n\n\n\n<p>DURMAZLAR predstavuje a zav\u00e1dza na trh IV. Gener\u00e1ciu FIBER Laserov DURMA. V \u0161tandardnom vyhotoven\u00ed laseru zmeny nie s\u00fa na prv\u00fd poh\u013ead vidite\u013en\u00e9 \u2013 ost\u00e1va osved\u010den\u00e1 kab\u00edna z III. gener\u00e1cie. Obsahuje ale tieto zmeny a vylep\u0161enia:<\/p>\n\n\n\n<ul class=\"wp-block-list\">\n<li>Predn\u00e9 dvere kab\u00edny laseru s\u00fa otv\u00e1ran\u00e9 r\u00fdchlej\u0161ie \u2013 Servomotormi (III. gener\u00e1cia mala iba \u0161tandardn\u00e9 AC elektromotory)<\/li>\n\n\n\n<li>Automatick\u00e9 v\u00fdmenn\u00e9 stoly lasera s\u00fa v smeroch do kab\u00edny \/ von z kab\u00edny polohovan\u00e9 r\u00fdchlej\u0161ie \u2013 Servomotormi&nbsp;(III. gener\u00e1cia mala iba \u0161tandardn\u00e9 AC elektromotory)<\/li>\n\n\n\n<li>Pohyb hore \/ dolu pri v\u00fdmene stolov ost\u00e1va AC elektromotormi, no z volite\u013en\u00e9ho pr\u00edslu\u0161enstva je mo\u017en\u00e9 objedna\u0165 r\u00fdchlej\u0161ie pohyby \u2013&nbsp;Servomotormi<\/li>\n\n\n\n<li>Ak je ale z volite\u013en\u00e9ho pr\u00edslu\u0161enstva objednan\u00e9: Polohovanie os\u00ed X1, X2, Y Line\u00e1rnymi motormi \u2013 bud\u00fa v\u00fdmenn\u00e9 stoly osaden\u00e9 Servomitormi aj pre pohyby stolov hore \/ dolu.<\/li>\n<\/ul>\n\n\n\n<figure class=\"wp-block-image aligncenter\"><img decoding=\"async\" src=\"https:\/\/ps.ipecon.sk\/wp-content\/uploads\/2019\/01\/HDF4020_6.jpg\" alt=\"\" class=\"wp-image-3052\" \/><\/figure>\n\n\n\n<p>Laser ost\u00e1va osaden\u00fd \u0161pi\u010dkovou hlavou PRECITEC Procuter, ktor\u00e1 je plne automatick\u00e1 s vlastnou diagnostikou. Laser je mo\u017en\u00e9 objedna\u0165 s v\u00fdkonnej\u0161\u00edm zdrojom IPG (8000 W a 10000 W) a tie\u017e vybavi\u0165 v\u00e4\u010d\u0161\u00edm mno\u017estvom volite\u013en\u00e9ho pr\u00edslu\u0161enstva, ako Syst\u00e9m D-Tower s automatick\u00fdm nakladan\u00edm \/ vykladan\u00edm a skladovan\u00edm plechov, Syst\u00e9m automatickej v\u00fdmeny trysiek, Kamerou, \u2026<\/p>\n\n\n\n<p><strong>Automatick\u00e1 v\u00fdmena stolov:<\/strong><\/p>\n\n\n\n<figure class=\"wp-block-embed is-type-video is-provider-youtube wp-block-embed-youtube wp-embed-aspect-16-9 wp-has-aspect-ratio\"><div class=\"wp-block-embed__wrapper\">\n<iframe title=\"DURMA SHUTTLE TABLE-MEK\u0130K TABLA\" width=\"1080\" height=\"608\" src=\"https:\/\/www.youtube.com\/embed\/-5WfWaCbje8?start=2&#038;feature=oembed\"  allow=\"accelerometer; autoplay; clipboard-write; encrypted-media; gyroscope; picture-in-picture; web-share\" allowfullscreen><\/iframe>\n<\/div><\/figure>\n\n\n\n<p><strong>Predn\u00e9 dvere kab\u00edny:<\/strong><\/p>\n\n\n\n<figure class=\"wp-block-embed is-type-video is-provider-youtube wp-block-embed-youtube wp-embed-aspect-16-9 wp-has-aspect-ratio\"><div class=\"wp-block-embed__wrapper\">\n<iframe title=\"DURMA FRONT DOOR-\u00d6N KAPI\" width=\"1080\" height=\"608\" src=\"https:\/\/www.youtube.com\/embed\/VR62pnYXDks?feature=oembed\"  allow=\"accelerometer; autoplay; clipboard-write; encrypted-media; gyroscope; picture-in-picture; web-share\" allowfullscreen><\/iframe>\n<\/div><\/figure>\n\n\n\n<p><strong>Bo\u010dn\u00e9 dvere kab\u00edny:<\/strong><\/p>\n\n\n\n<figure class=\"wp-block-embed is-type-video is-provider-youtube wp-block-embed-youtube wp-embed-aspect-16-9 wp-has-aspect-ratio\"><div class=\"wp-block-embed__wrapper\">\n<iframe title=\"DURMA SIDE DOOR-YAN KAPI\" width=\"1080\" height=\"608\" src=\"https:\/\/www.youtube.com\/embed\/A0mM9EzZS-4?start=1&#038;feature=oembed\"  allow=\"accelerometer; autoplay; clipboard-write; encrypted-media; gyroscope; picture-in-picture; web-share\" allowfullscreen><\/iframe>\n<\/div><\/figure>\n\n\n\n<p><strong>Automatick\u00e1 rezacia hlava:<\/strong><\/p>\n\n\n\n<figure class=\"wp-block-embed is-type-video is-provider-youtube wp-block-embed-youtube wp-embed-aspect-16-9 wp-has-aspect-ratio\"><div class=\"wp-block-embed__wrapper\">\n<iframe title=\"DURMA CUTTING HEAD-KESME KAFASI\" width=\"1080\" height=\"608\" src=\"https:\/\/www.youtube.com\/embed\/OrPt2IFMEHg?start=1&#038;feature=oembed\"  allow=\"accelerometer; autoplay; clipboard-write; encrypted-media; gyroscope; picture-in-picture; web-share\" allowfullscreen><\/iframe>\n<\/div><\/figure>\n\n\n\n<p><strong>Automatick\u00e9 \u010distenie trysky a kalibr\u00e1cia:<\/strong><\/p>\n\n\n\n<figure class=\"wp-block-embed is-type-video is-provider-youtube wp-block-embed-youtube wp-embed-aspect-16-9 wp-has-aspect-ratio\"><div class=\"wp-block-embed__wrapper\">\n<iframe title=\"DURMA NOZUL CLEANING AND CALIBRATION-NOZUL TEM\u0130ZLEME\" width=\"1080\" height=\"608\" src=\"https:\/\/www.youtube.com\/embed\/gpTUyCEdaBU?start=1&#038;feature=oembed\"  allow=\"accelerometer; autoplay; clipboard-write; encrypted-media; gyroscope; picture-in-picture; web-share\" allowfullscreen><\/iframe>\n<\/div><\/figure>\n\n\n\n<p><strong>Z\u00f3nov\u00e9 ods\u00e1vanie stola:<\/strong><\/p>\n\n\n\n<figure class=\"wp-block-embed is-type-video is-provider-youtube wp-block-embed-youtube wp-embed-aspect-16-9 wp-has-aspect-ratio\"><div class=\"wp-block-embed__wrapper\">\n<iframe title=\"DURMA SUCTION SYSTEM-EM\u0130\u015e S\u0130STEM\u0130\" width=\"1080\" height=\"608\" src=\"https:\/\/www.youtube.com\/embed\/7aOkz7xlR6w?feature=oembed\"  allow=\"accelerometer; autoplay; clipboard-write; encrypted-media; gyroscope; picture-in-picture; web-share\" allowfullscreen><\/iframe>\n<\/div><\/figure>\n\n\n\n<p><strong>Prie\u010dne dopravn\u00edky:<\/strong><\/p>\n\n\n\n<figure class=\"wp-block-embed is-type-video is-provider-youtube wp-block-embed-youtube wp-embed-aspect-16-9 wp-has-aspect-ratio\"><div class=\"wp-block-embed__wrapper\">\n<iframe title=\"DURMA CONVEYOR-KONVEYOR\" width=\"1080\" height=\"608\" src=\"https:\/\/www.youtube.com\/embed\/rq0kJO3t8I8?feature=oembed\"  allow=\"accelerometer; autoplay; clipboard-write; encrypted-media; gyroscope; picture-in-picture; web-share\" allowfullscreen><\/iframe>\n<\/div><\/figure>\n\n\n\n<p><strong>SIEMENS servomotory a pohon pastorok\/hrebe\u0148:<\/strong><\/p>\n\n\n\n<figure class=\"wp-block-embed is-type-video is-provider-youtube wp-block-embed-youtube wp-embed-aspect-16-9 wp-has-aspect-ratio\"><div class=\"wp-block-embed__wrapper\">\n<iframe title=\"DURMA RACK AND PINION MOTION SYSTEM-KREMAYER\" width=\"1080\" height=\"608\" src=\"https:\/\/www.youtube.com\/embed\/-t_rTNEATEQ?feature=oembed\"  allow=\"accelerometer; autoplay; clipboard-write; encrypted-media; gyroscope; picture-in-picture; web-share\" allowfullscreen><\/iframe>\n<\/div><\/figure>\n\n\n\n<p><strong>SIEMENS line\u00e1rne motory (volite\u013en\u00e9 pr\u00edslu\u0161enstvo):<\/strong><\/p>\n\n\n\n<figure class=\"wp-block-embed is-type-video is-provider-youtube wp-block-embed-youtube wp-embed-aspect-16-9 wp-has-aspect-ratio\"><div class=\"wp-block-embed__wrapper\">\n<iframe title=\"DURMA LINEAR MOTOR-L\u0130NEER MOTOR\" width=\"1080\" height=\"608\" src=\"https:\/\/www.youtube.com\/embed\/UOur8-aAOEI?feature=oembed\"  allow=\"accelerometer; autoplay; clipboard-write; encrypted-media; gyroscope; picture-in-picture; web-share\" allowfullscreen><\/iframe>\n<\/div><\/figure>\n\n\n\n<p><strong>Filter:<\/strong><\/p>\n\n\n\n<figure class=\"wp-block-embed is-type-video is-provider-youtube wp-block-embed-youtube wp-embed-aspect-16-9 wp-has-aspect-ratio\"><div class=\"wp-block-embed__wrapper\">\n<iframe title=\"DURMA FILTER-F\u0130LTRE\" width=\"1080\" height=\"608\" src=\"https:\/\/www.youtube.com\/embed\/WAIv1OMTDrE?feature=oembed\"  allow=\"accelerometer; autoplay; clipboard-write; encrypted-media; gyroscope; picture-in-picture; web-share\" allowfullscreen><\/iframe>\n<\/div><\/figure>\n\n\n\n<p><strong>Chladi\u010d:<\/strong><\/p>\n\n\n\n<figure class=\"wp-block-embed is-type-video is-provider-youtube wp-block-embed-youtube wp-embed-aspect-16-9 wp-has-aspect-ratio\"><div class=\"wp-block-embed__wrapper\">\n<iframe title=\"DURMA CHILLER-SU SO\u011eUTMA S\u0130STEM\u0130\" width=\"1080\" height=\"608\" src=\"https:\/\/www.youtube.com\/embed\/2XE9e2zrdGk?feature=oembed\"  allow=\"accelerometer; autoplay; clipboard-write; encrypted-media; gyroscope; picture-in-picture; web-share\" allowfullscreen><\/iframe>\n<\/div><\/figure>\n\n\n\n<p><strong>Softv\u00e9r LANTEK:<\/strong><\/p>\n\n\n\n<figure class=\"wp-block-embed is-type-video is-provider-youtube wp-block-embed-youtube wp-embed-aspect-16-9 wp-has-aspect-ratio\"><div class=\"wp-block-embed__wrapper\">\n<iframe title=\"DURMA LANTEK\" width=\"1080\" height=\"608\" src=\"https:\/\/www.youtube.com\/embed\/jDUoCu3jGUg?feature=oembed\"  allow=\"accelerometer; autoplay; clipboard-write; encrypted-media; gyroscope; picture-in-picture; web-share\" allowfullscreen><\/iframe>\n<\/div><\/figure>","protected":false},"excerpt":{"rendered":"<p>DURMAZLAR predstavuje a zav\u00e1dza na trh IV. Gener\u00e1ciu FIBER Laserov DURMA. V \u0161tandardnom vyhotoven\u00ed laseru zmeny nie s\u00fa na prv\u00fd poh\u013ead vidite\u013en\u00e9 \u2013 ost\u00e1va osved\u010den\u00e1 kab\u00edna z III. gener\u00e1cie. Obsahuje ale tieto zmeny a vylep\u0161enia: Laser ost\u00e1va osaden\u00fd \u0161pi\u010dkovou hlavou PRECITEC Procuter, ktor\u00e1 je plne automatick\u00e1 s vlastnou diagnostikou. Laser je mo\u017en\u00e9 objedna\u0165 s v\u00fdkonnej\u0161\u00edm [&hellip;]<\/p>\n","protected":false},"author":14,"featured_media":3476,"comment_status":"open","ping_status":"open","sticky":false,"template":"","format":"standard","meta":{"_acf_changed":false,"_et_pb_use_builder":"off","_et_pb_old_content":"","_et_gb_content_width":"","footnotes":""},"categories":[48],"tags":[],"class_list":["post-3463","post","type-post","status-publish","format-standard","has-post-thumbnail","hentry","category-fiber-lasery"],"acf":[],"yoast_head":"<!-- This site is optimized with the Yoast SEO plugin v27.4 - https:\/\/yoast.com\/product\/yoast-seo-wordpress\/ -->\n<title>4. Gener\u00e1cia FIBER Laserov DURMA je na trhu - IPECON<\/title>\n<meta name=\"robots\" content=\"index, follow, max-snippet:-1, max-image-preview:large, max-video-preview:-1\" \/>\n<link rel=\"canonical\" href=\"https:\/\/www.ipecon.sk\/en\/4-generacia-fiber-laserov-durma-je-na-trhu\/\" \/>\n<meta property=\"og:locale\" content=\"en_GB\" \/>\n<meta property=\"og:type\" content=\"article\" \/>\n<meta property=\"og:title\" content=\"4. Gener\u00e1cia FIBER Laserov DURMA je na trhu - IPECON\" \/>\n<meta property=\"og:description\" content=\"DURMAZLAR predstavuje a zav\u00e1dza na trh IV. Gener\u00e1ciu FIBER Laserov DURMA. V \u0161tandardnom vyhotoven\u00ed laseru zmeny nie s\u00fa na prv\u00fd poh\u013ead vidite\u013en\u00e9 \u2013 ost\u00e1va osved\u010den\u00e1 kab\u00edna z III. gener\u00e1cie. Obsahuje ale tieto zmeny a vylep\u0161enia: Laser ost\u00e1va osaden\u00fd \u0161pi\u010dkovou hlavou PRECITEC Procuter, ktor\u00e1 je plne automatick\u00e1 s vlastnou diagnostikou. Laser je mo\u017en\u00e9 objedna\u0165 s v\u00fdkonnej\u0161\u00edm [&hellip;]\" \/>\n<meta property=\"og:url\" content=\"https:\/\/www.ipecon.sk\/en\/4-generacia-fiber-laserov-durma-je-na-trhu\/\" \/>\n<meta property=\"og:site_name\" content=\"IPECON\" \/>\n<meta property=\"article:published_time\" content=\"2019-01-04T11:31:22+00:00\" \/>\n<meta property=\"article:modified_time\" content=\"2023-07-13T08:16:18+00:00\" \/>\n<meta property=\"og:image\" content=\"https:\/\/www.ipecon.sk\/wp-content\/uploads\/2023\/07\/4GeneraciaLaser-1.jpg\" \/>\n\t<meta property=\"og:image:width\" content=\"640\" \/>\n\t<meta property=\"og:image:height\" content=\"330\" \/>\n\t<meta property=\"og:image:type\" content=\"image\/jpeg\" \/>\n<meta name=\"author\" content=\"Marek Ryb\u00e1r\" \/>\n<meta name=\"twitter:card\" content=\"summary_large_image\" \/>\n<meta name=\"twitter:label1\" content=\"Written by\" \/>\n\t<meta name=\"twitter:data1\" content=\"Marek Ryb\u00e1r\" \/>\n\t<meta name=\"twitter:label2\" content=\"Estimated reading time\" \/>\n\t<meta name=\"twitter:data2\" content=\"2 minutes\" \/>\n<script type=\"application\/ld+json\" class=\"yoast-schema-graph\">{\"@context\":\"https:\\\/\\\/schema.org\",\"@graph\":[{\"@type\":\"Article\",\"@id\":\"https:\\\/\\\/www.ipecon.sk\\\/4-generacia-fiber-laserov-durma-je-na-trhu\\\/#article\",\"isPartOf\":{\"@id\":\"https:\\\/\\\/www.ipecon.sk\\\/4-generacia-fiber-laserov-durma-je-na-trhu\\\/\"},\"author\":{\"name\":\"Marek Ryb\u00e1r\",\"@id\":\"https:\\\/\\\/www.ipecon.sk\\\/#\\\/schema\\\/person\\\/c6a7b2f621c408001de0eeb32364cbc1\"},\"headline\":\"4. Gener\u00e1cia FIBER Laserov DURMA je na trhu\",\"datePublished\":\"2019-01-04T11:31:22+00:00\",\"dateModified\":\"2023-07-13T08:16:18+00:00\",\"mainEntityOfPage\":{\"@id\":\"https:\\\/\\\/www.ipecon.sk\\\/4-generacia-fiber-laserov-durma-je-na-trhu\\\/\"},\"wordCount\":388,\"commentCount\":0,\"image\":{\"@id\":\"https:\\\/\\\/www.ipecon.sk\\\/4-generacia-fiber-laserov-durma-je-na-trhu\\\/#primaryimage\"},\"thumbnailUrl\":\"https:\\\/\\\/www.ipecon.sk\\\/wp-content\\\/uploads\\\/2023\\\/07\\\/4GeneraciaLaser-1.jpg\",\"articleSection\":[\"Fiber lasery\"],\"inLanguage\":\"en-GB\",\"potentialAction\":[{\"@type\":\"CommentAction\",\"name\":\"Comment\",\"target\":[\"https:\\\/\\\/www.ipecon.sk\\\/4-generacia-fiber-laserov-durma-je-na-trhu\\\/#respond\"]}]},{\"@type\":\"WebPage\",\"@id\":\"https:\\\/\\\/www.ipecon.sk\\\/4-generacia-fiber-laserov-durma-je-na-trhu\\\/\",\"url\":\"https:\\\/\\\/www.ipecon.sk\\\/4-generacia-fiber-laserov-durma-je-na-trhu\\\/\",\"name\":\"4. Gener\u00e1cia FIBER Laserov DURMA je na trhu - IPECON\",\"isPartOf\":{\"@id\":\"https:\\\/\\\/www.ipecon.sk\\\/#website\"},\"primaryImageOfPage\":{\"@id\":\"https:\\\/\\\/www.ipecon.sk\\\/4-generacia-fiber-laserov-durma-je-na-trhu\\\/#primaryimage\"},\"image\":{\"@id\":\"https:\\\/\\\/www.ipecon.sk\\\/4-generacia-fiber-laserov-durma-je-na-trhu\\\/#primaryimage\"},\"thumbnailUrl\":\"https:\\\/\\\/www.ipecon.sk\\\/wp-content\\\/uploads\\\/2023\\\/07\\\/4GeneraciaLaser-1.jpg\",\"datePublished\":\"2019-01-04T11:31:22+00:00\",\"dateModified\":\"2023-07-13T08:16:18+00:00\",\"author\":{\"@id\":\"https:\\\/\\\/www.ipecon.sk\\\/#\\\/schema\\\/person\\\/c6a7b2f621c408001de0eeb32364cbc1\"},\"breadcrumb\":{\"@id\":\"https:\\\/\\\/www.ipecon.sk\\\/4-generacia-fiber-laserov-durma-je-na-trhu\\\/#breadcrumb\"},\"inLanguage\":\"en-GB\",\"potentialAction\":[{\"@type\":\"ReadAction\",\"target\":[\"https:\\\/\\\/www.ipecon.sk\\\/4-generacia-fiber-laserov-durma-je-na-trhu\\\/\"]}]},{\"@type\":\"ImageObject\",\"inLanguage\":\"en-GB\",\"@id\":\"https:\\\/\\\/www.ipecon.sk\\\/4-generacia-fiber-laserov-durma-je-na-trhu\\\/#primaryimage\",\"url\":\"https:\\\/\\\/www.ipecon.sk\\\/wp-content\\\/uploads\\\/2023\\\/07\\\/4GeneraciaLaser-1.jpg\",\"contentUrl\":\"https:\\\/\\\/www.ipecon.sk\\\/wp-content\\\/uploads\\\/2023\\\/07\\\/4GeneraciaLaser-1.jpg\",\"width\":640,\"height\":330},{\"@type\":\"BreadcrumbList\",\"@id\":\"https:\\\/\\\/www.ipecon.sk\\\/4-generacia-fiber-laserov-durma-je-na-trhu\\\/#breadcrumb\",\"itemListElement\":[{\"@type\":\"ListItem\",\"position\":1,\"name\":\"Home\",\"item\":\"https:\\\/\\\/www.ipecon.sk\\\/\"},{\"@type\":\"ListItem\",\"position\":2,\"name\":\"4. Gener\u00e1cia FIBER Laserov DURMA je na trhu\"}]},{\"@type\":\"WebSite\",\"@id\":\"https:\\\/\\\/www.ipecon.sk\\\/#website\",\"url\":\"https:\\\/\\\/www.ipecon.sk\\\/\",\"name\":\"IPECON\",\"description\":\"\",\"potentialAction\":[{\"@type\":\"SearchAction\",\"target\":{\"@type\":\"EntryPoint\",\"urlTemplate\":\"https:\\\/\\\/www.ipecon.sk\\\/?s={search_term_string}\"},\"query-input\":{\"@type\":\"PropertyValueSpecification\",\"valueRequired\":true,\"valueName\":\"search_term_string\"}}],\"inLanguage\":\"en-GB\"},{\"@type\":\"Person\",\"@id\":\"https:\\\/\\\/www.ipecon.sk\\\/#\\\/schema\\\/person\\\/c6a7b2f621c408001de0eeb32364cbc1\",\"name\":\"Marek Ryb\u00e1r\",\"description\":\"Autor \u010dl\u00e1nku &nbsp; &nbsp; obchodno-technick\u00fd mana\u017e\u00e9r marek.rybar@ipecon.sk +421 905 433 567\",\"url\":\"https:\\\/\\\/www.ipecon.sk\\\/en\\\/author\\\/marek-rybar\\\/\"}]}<\/script>\n<!-- \/ Yoast SEO plugin. -->","yoast_head_json":{"title":"4. Gener\u00e1cia FIBER Laserov DURMA je na trhu - IPECON","robots":{"index":"index","follow":"follow","max-snippet":"max-snippet:-1","max-image-preview":"max-image-preview:large","max-video-preview":"max-video-preview:-1"},"canonical":"https:\/\/www.ipecon.sk\/en\/4-generacia-fiber-laserov-durma-je-na-trhu\/","og_locale":"en_GB","og_type":"article","og_title":"4. Gener\u00e1cia FIBER Laserov DURMA je na trhu - IPECON","og_description":"DURMAZLAR predstavuje a zav\u00e1dza na trh IV. Gener\u00e1ciu FIBER Laserov DURMA. V \u0161tandardnom vyhotoven\u00ed laseru zmeny nie s\u00fa na prv\u00fd poh\u013ead vidite\u013en\u00e9 \u2013 ost\u00e1va osved\u010den\u00e1 kab\u00edna z III. gener\u00e1cie. Obsahuje ale tieto zmeny a vylep\u0161enia: Laser ost\u00e1va osaden\u00fd \u0161pi\u010dkovou hlavou PRECITEC Procuter, ktor\u00e1 je plne automatick\u00e1 s vlastnou diagnostikou. Laser je mo\u017en\u00e9 objedna\u0165 s v\u00fdkonnej\u0161\u00edm [&hellip;]","og_url":"https:\/\/www.ipecon.sk\/en\/4-generacia-fiber-laserov-durma-je-na-trhu\/","og_site_name":"IPECON","article_published_time":"2019-01-04T11:31:22+00:00","article_modified_time":"2023-07-13T08:16:18+00:00","og_image":[{"width":640,"height":330,"url":"https:\/\/www.ipecon.sk\/wp-content\/uploads\/2023\/07\/4GeneraciaLaser-1.jpg","type":"image\/jpeg"}],"author":"Marek Ryb\u00e1r","twitter_card":"summary_large_image","twitter_misc":{"Written by":"Marek Ryb\u00e1r","Estimated reading time":"2 minutes"},"schema":{"@context":"https:\/\/schema.org","@graph":[{"@type":"Article","@id":"https:\/\/www.ipecon.sk\/4-generacia-fiber-laserov-durma-je-na-trhu\/#article","isPartOf":{"@id":"https:\/\/www.ipecon.sk\/4-generacia-fiber-laserov-durma-je-na-trhu\/"},"author":{"name":"Marek Ryb\u00e1r","@id":"https:\/\/www.ipecon.sk\/#\/schema\/person\/c6a7b2f621c408001de0eeb32364cbc1"},"headline":"4. Gener\u00e1cia FIBER Laserov DURMA je na trhu","datePublished":"2019-01-04T11:31:22+00:00","dateModified":"2023-07-13T08:16:18+00:00","mainEntityOfPage":{"@id":"https:\/\/www.ipecon.sk\/4-generacia-fiber-laserov-durma-je-na-trhu\/"},"wordCount":388,"commentCount":0,"image":{"@id":"https:\/\/www.ipecon.sk\/4-generacia-fiber-laserov-durma-je-na-trhu\/#primaryimage"},"thumbnailUrl":"https:\/\/www.ipecon.sk\/wp-content\/uploads\/2023\/07\/4GeneraciaLaser-1.jpg","articleSection":["Fiber lasery"],"inLanguage":"en-GB","potentialAction":[{"@type":"CommentAction","name":"Comment","target":["https:\/\/www.ipecon.sk\/4-generacia-fiber-laserov-durma-je-na-trhu\/#respond"]}]},{"@type":"WebPage","@id":"https:\/\/www.ipecon.sk\/4-generacia-fiber-laserov-durma-je-na-trhu\/","url":"https:\/\/www.ipecon.sk\/4-generacia-fiber-laserov-durma-je-na-trhu\/","name":"4. Gener\u00e1cia FIBER Laserov DURMA je na trhu - IPECON","isPartOf":{"@id":"https:\/\/www.ipecon.sk\/#website"},"primaryImageOfPage":{"@id":"https:\/\/www.ipecon.sk\/4-generacia-fiber-laserov-durma-je-na-trhu\/#primaryimage"},"image":{"@id":"https:\/\/www.ipecon.sk\/4-generacia-fiber-laserov-durma-je-na-trhu\/#primaryimage"},"thumbnailUrl":"https:\/\/www.ipecon.sk\/wp-content\/uploads\/2023\/07\/4GeneraciaLaser-1.jpg","datePublished":"2019-01-04T11:31:22+00:00","dateModified":"2023-07-13T08:16:18+00:00","author":{"@id":"https:\/\/www.ipecon.sk\/#\/schema\/person\/c6a7b2f621c408001de0eeb32364cbc1"},"breadcrumb":{"@id":"https:\/\/www.ipecon.sk\/4-generacia-fiber-laserov-durma-je-na-trhu\/#breadcrumb"},"inLanguage":"en-GB","potentialAction":[{"@type":"ReadAction","target":["https:\/\/www.ipecon.sk\/4-generacia-fiber-laserov-durma-je-na-trhu\/"]}]},{"@type":"ImageObject","inLanguage":"en-GB","@id":"https:\/\/www.ipecon.sk\/4-generacia-fiber-laserov-durma-je-na-trhu\/#primaryimage","url":"https:\/\/www.ipecon.sk\/wp-content\/uploads\/2023\/07\/4GeneraciaLaser-1.jpg","contentUrl":"https:\/\/www.ipecon.sk\/wp-content\/uploads\/2023\/07\/4GeneraciaLaser-1.jpg","width":640,"height":330},{"@type":"BreadcrumbList","@id":"https:\/\/www.ipecon.sk\/4-generacia-fiber-laserov-durma-je-na-trhu\/#breadcrumb","itemListElement":[{"@type":"ListItem","position":1,"name":"Home","item":"https:\/\/www.ipecon.sk\/"},{"@type":"ListItem","position":2,"name":"4. Gener\u00e1cia FIBER Laserov DURMA je na trhu"}]},{"@type":"WebSite","@id":"https:\/\/www.ipecon.sk\/#website","url":"https:\/\/www.ipecon.sk\/","name":"IPECON","description":"","potentialAction":[{"@type":"SearchAction","target":{"@type":"EntryPoint","urlTemplate":"https:\/\/www.ipecon.sk\/?s={search_term_string}"},"query-input":{"@type":"PropertyValueSpecification","valueRequired":true,"valueName":"search_term_string"}}],"inLanguage":"en-GB"},{"@type":"Person","@id":"https:\/\/www.ipecon.sk\/#\/schema\/person\/c6a7b2f621c408001de0eeb32364cbc1","name":"Marek Ryb\u00e1r","description":"Autor \u010dl\u00e1nku &nbsp; &nbsp; obchodno-technick\u00fd mana\u017e\u00e9r marek.rybar@ipecon.sk +421 905 433 567","url":"https:\/\/www.ipecon.sk\/en\/author\/marek-rybar\/"}]}},"_links":{"self":[{"href":"https:\/\/www.ipecon.sk\/en\/wp-json\/wp\/v2\/posts\/3463","targetHints":{"allow":["GET"]}}],"collection":[{"href":"https:\/\/www.ipecon.sk\/en\/wp-json\/wp\/v2\/posts"}],"about":[{"href":"https:\/\/www.ipecon.sk\/en\/wp-json\/wp\/v2\/types\/post"}],"author":[{"embeddable":true,"href":"https:\/\/www.ipecon.sk\/en\/wp-json\/wp\/v2\/users\/14"}],"replies":[{"embeddable":true,"href":"https:\/\/www.ipecon.sk\/en\/wp-json\/wp\/v2\/comments?post=3463"}],"version-history":[{"count":0,"href":"https:\/\/www.ipecon.sk\/en\/wp-json\/wp\/v2\/posts\/3463\/revisions"}],"wp:featuredmedia":[{"embeddable":true,"href":"https:\/\/www.ipecon.sk\/en\/wp-json\/wp\/v2\/media\/3476"}],"wp:attachment":[{"href":"https:\/\/www.ipecon.sk\/en\/wp-json\/wp\/v2\/media?parent=3463"}],"wp:term":[{"taxonomy":"category","embeddable":true,"href":"https:\/\/www.ipecon.sk\/en\/wp-json\/wp\/v2\/categories?post=3463"},{"taxonomy":"post_tag","embeddable":true,"href":"https:\/\/www.ipecon.sk\/en\/wp-json\/wp\/v2\/tags?post=3463"}],"curies":[{"name":"wp","href":"https:\/\/api.w.org\/{rel}","templated":true}]}}