{"id":3429,"date":"2019-10-24T08:29:18","date_gmt":"2019-10-24T08:29:18","guid":{"rendered":"https:\/\/www.ipecon.sk\/?p=3429"},"modified":"2023-08-10T11:34:40","modified_gmt":"2023-08-10T11:34:40","slug":"cnc-ukosovacia-hlava-pre-plazmy-pl-c","status":"publish","type":"post","link":"https:\/\/www.ipecon.sk\/en\/cnc-ukosovacia-hlava-pre-plazmy-pl-c\/","title":{"rendered":"CNC ukosovacia hlava pre plazmy PL"},"content":{"rendered":"<hr class=\"wp-block-separator has-alpha-channel-opacity is-style-wide\"\/>\n\n\n\n<p>Z volite\u013en\u00e9ho pr\u00edslu\u0161enstva je mo\u017en\u00e9 ku v\u0161etk\u00fdm Plazmov\u00fdm rezac\u00edm strojom <strong><em><mark style=\"background-color:rgba(0, 0, 0, 0)\" class=\"has-inline-color has-vivid-red-color\">DURMA <\/mark><\/em>PL <\/strong>a <strong>PL<\/strong>-C objedna\u0165\u00a0<strong>CNC ukosovaciu hlavu<\/strong>. S plazmou vybavenou t\u00fdmto syst\u00e9mom je mo\u017en\u00e9 reza\u0165 plechy pod uhlom, alebo reza\u0165 \u00fakosy pod zvary. V pr\u00edpade rezania \u00fakosu je kont\u00fara rezan\u00e1 2x, v pr\u00edpade obojstrann\u00e9ho \u00fakosu (\u201cK\u201d rez) je kont\u00fara rezan\u00e1 3x.<\/p>\n\n\n\n<figure class=\"wp-block-embed is-type-video is-provider-youtube wp-block-embed-youtube wp-embed-aspect-16-9 wp-has-aspect-ratio\"><div class=\"wp-block-embed__wrapper\">\n<iframe title=\"DURMA PL-C PLASMA CUTTING MACHINES\" width=\"1080\" height=\"608\" src=\"https:\/\/www.youtube.com\/embed\/0Nh6gnF529Q?feature=oembed\"  allow=\"accelerometer; autoplay; clipboard-write; encrypted-media; gyroscope; picture-in-picture; web-share\" allowfullscreen><\/iframe>\n<\/div><figcaption class=\"wp-element-caption\">Pozrite si video<\/figcaption><\/figure>\n\n\n\n<figure class=\"wp-block-image aligncenter\"><img decoding=\"async\" src=\"https:\/\/ps.ipecon.sk\/wp-content\/uploads\/2019\/10\/PLCBevel02-1024x500.jpg\" alt=\"\" class=\"wp-image-3396\"\/><\/figure>\n\n\n\n<figure class=\"wp-block-image aligncenter\"><img decoding=\"async\" src=\"https:\/\/ps.ipecon.sk\/wp-content\/uploads\/2019\/10\/PLCBevel03.jpg\" alt=\"\" class=\"wp-image-3397\"\/><\/figure>\n\n\n\n<p>Na\u0161a ned\u00e1vna in\u0161tal\u00e1cia: PL-C 1530 s&nbsp;CNC ukosovaciou hlavou, zdroj Hypertherm MAXPRO200<\/p>\n\n\n\n<figure class=\"wp-block-image aligncenter\"><img decoding=\"async\" src=\"https:\/\/ps.ipecon.sk\/wp-content\/uploads\/2019\/10\/PLCBevel01.jpg\" alt=\"\" class=\"wp-image-3395\"\/><\/figure>","protected":false},"excerpt":{"rendered":"<p>Z volite\u013en\u00e9ho pr\u00edslu\u0161enstva je mo\u017en\u00e9 ku v\u0161etk\u00fdm Plazmov\u00fdm rezac\u00edm strojom DURMA PL a PL-C objedna\u0165\u00a0CNC ukosovaciu hlavu. S plazmou vybavenou t\u00fdmto syst\u00e9mom je mo\u017en\u00e9 reza\u0165 plechy pod uhlom, alebo reza\u0165 \u00fakosy pod zvary. V pr\u00edpade rezania \u00fakosu je kont\u00fara rezan\u00e1 2x, v pr\u00edpade obojstrann\u00e9ho \u00fakosu (\u201cK\u201d rez) je kont\u00fara rezan\u00e1 3x. Na\u0161a ned\u00e1vna in\u0161tal\u00e1cia: PL-C [&hellip;]<\/p>\n","protected":false},"author":19,"featured_media":3432,"comment_status":"open","ping_status":"open","sticky":false,"template":"","format":"standard","meta":{"_acf_changed":false,"_et_pb_use_builder":"off","_et_pb_old_content":"","_et_gb_content_width":"","footnotes":""},"categories":[49],"tags":[],"class_list":["post-3429","post","type-post","status-publish","format-standard","has-post-thumbnail","hentry","category-plazmy"],"acf":[],"yoast_head":"<!-- This site is optimized with the Yoast SEO plugin v27.4 - https:\/\/yoast.com\/product\/yoast-seo-wordpress\/ -->\n<title>CNC ukosovacia hlava pre plazmy PL - IPECON<\/title>\n<meta name=\"robots\" content=\"index, follow, max-snippet:-1, max-image-preview:large, max-video-preview:-1\" \/>\n<link rel=\"canonical\" href=\"https:\/\/www.ipecon.sk\/en\/cnc-ukosovacia-hlava-pre-plazmy-pl-c\/\" \/>\n<meta property=\"og:locale\" content=\"en_GB\" \/>\n<meta property=\"og:type\" content=\"article\" \/>\n<meta property=\"og:title\" content=\"CNC ukosovacia hlava pre plazmy PL - IPECON\" \/>\n<meta property=\"og:description\" content=\"Z volite\u013en\u00e9ho pr\u00edslu\u0161enstva je mo\u017en\u00e9 ku v\u0161etk\u00fdm Plazmov\u00fdm rezac\u00edm strojom DURMA PL a PL-C objedna\u0165\u00a0CNC ukosovaciu hlavu. S plazmou vybavenou t\u00fdmto syst\u00e9mom je mo\u017en\u00e9 reza\u0165 plechy pod uhlom, alebo reza\u0165 \u00fakosy pod zvary. V pr\u00edpade rezania \u00fakosu je kont\u00fara rezan\u00e1 2x, v pr\u00edpade obojstrann\u00e9ho \u00fakosu (\u201cK\u201d rez) je kont\u00fara rezan\u00e1 3x. Na\u0161a ned\u00e1vna in\u0161tal\u00e1cia: PL-C [&hellip;]\" \/>\n<meta property=\"og:url\" content=\"https:\/\/www.ipecon.sk\/en\/cnc-ukosovacia-hlava-pre-plazmy-pl-c\/\" \/>\n<meta property=\"og:site_name\" content=\"IPECON\" \/>\n<meta property=\"article:published_time\" content=\"2019-10-24T08:29:18+00:00\" \/>\n<meta property=\"article:modified_time\" content=\"2023-08-10T11:34:40+00:00\" \/>\n<meta property=\"og:image\" content=\"https:\/\/www.ipecon.sk\/wp-content\/uploads\/2023\/07\/PLCBevelmotiv.jpg\" \/>\n\t<meta property=\"og:image:width\" content=\"640\" \/>\n\t<meta property=\"og:image:height\" content=\"330\" \/>\n\t<meta property=\"og:image:type\" content=\"image\/jpeg\" \/>\n<meta name=\"author\" content=\"\u013dubom\u00edr Koma\u010dka\" \/>\n<meta name=\"twitter:card\" content=\"summary_large_image\" \/>\n<meta name=\"twitter:label1\" content=\"Written by\" \/>\n\t<meta name=\"twitter:data1\" content=\"\u013dubom\u00edr Koma\u010dka\" \/>\n\t<meta name=\"twitter:label2\" content=\"Estimated reading time\" \/>\n\t<meta name=\"twitter:data2\" content=\"1 minute\" \/>\n<script type=\"application\/ld+json\" class=\"yoast-schema-graph\">{\"@context\":\"https:\\\/\\\/schema.org\",\"@graph\":[{\"@type\":\"Article\",\"@id\":\"https:\\\/\\\/www.ipecon.sk\\\/cnc-ukosovacia-hlava-pre-plazmy-pl-c\\\/#article\",\"isPartOf\":{\"@id\":\"https:\\\/\\\/www.ipecon.sk\\\/cnc-ukosovacia-hlava-pre-plazmy-pl-c\\\/\"},\"author\":{\"name\":\"\u013dubom\u00edr Koma\u010dka\",\"@id\":\"https:\\\/\\\/www.ipecon.sk\\\/#\\\/schema\\\/person\\\/4b8bbeefa7aa4fcf84e633a494d0e7c5\"},\"headline\":\"CNC ukosovacia hlava pre plazmy PL\",\"datePublished\":\"2019-10-24T08:29:18+00:00\",\"dateModified\":\"2023-08-10T11:34:40+00:00\",\"mainEntityOfPage\":{\"@id\":\"https:\\\/\\\/www.ipecon.sk\\\/cnc-ukosovacia-hlava-pre-plazmy-pl-c\\\/\"},\"wordCount\":103,\"commentCount\":0,\"image\":{\"@id\":\"https:\\\/\\\/www.ipecon.sk\\\/cnc-ukosovacia-hlava-pre-plazmy-pl-c\\\/#primaryimage\"},\"thumbnailUrl\":\"https:\\\/\\\/www.ipecon.sk\\\/wp-content\\\/uploads\\\/2023\\\/07\\\/PLCBevelmotiv.jpg\",\"articleSection\":[\"Plazmy\"],\"inLanguage\":\"en-GB\",\"potentialAction\":[{\"@type\":\"CommentAction\",\"name\":\"Comment\",\"target\":[\"https:\\\/\\\/www.ipecon.sk\\\/cnc-ukosovacia-hlava-pre-plazmy-pl-c\\\/#respond\"]}]},{\"@type\":\"WebPage\",\"@id\":\"https:\\\/\\\/www.ipecon.sk\\\/cnc-ukosovacia-hlava-pre-plazmy-pl-c\\\/\",\"url\":\"https:\\\/\\\/www.ipecon.sk\\\/cnc-ukosovacia-hlava-pre-plazmy-pl-c\\\/\",\"name\":\"CNC ukosovacia hlava pre plazmy PL - IPECON\",\"isPartOf\":{\"@id\":\"https:\\\/\\\/www.ipecon.sk\\\/#website\"},\"primaryImageOfPage\":{\"@id\":\"https:\\\/\\\/www.ipecon.sk\\\/cnc-ukosovacia-hlava-pre-plazmy-pl-c\\\/#primaryimage\"},\"image\":{\"@id\":\"https:\\\/\\\/www.ipecon.sk\\\/cnc-ukosovacia-hlava-pre-plazmy-pl-c\\\/#primaryimage\"},\"thumbnailUrl\":\"https:\\\/\\\/www.ipecon.sk\\\/wp-content\\\/uploads\\\/2023\\\/07\\\/PLCBevelmotiv.jpg\",\"datePublished\":\"2019-10-24T08:29:18+00:00\",\"dateModified\":\"2023-08-10T11:34:40+00:00\",\"author\":{\"@id\":\"https:\\\/\\\/www.ipecon.sk\\\/#\\\/schema\\\/person\\\/4b8bbeefa7aa4fcf84e633a494d0e7c5\"},\"breadcrumb\":{\"@id\":\"https:\\\/\\\/www.ipecon.sk\\\/cnc-ukosovacia-hlava-pre-plazmy-pl-c\\\/#breadcrumb\"},\"inLanguage\":\"en-GB\",\"potentialAction\":[{\"@type\":\"ReadAction\",\"target\":[\"https:\\\/\\\/www.ipecon.sk\\\/cnc-ukosovacia-hlava-pre-plazmy-pl-c\\\/\"]}]},{\"@type\":\"ImageObject\",\"inLanguage\":\"en-GB\",\"@id\":\"https:\\\/\\\/www.ipecon.sk\\\/cnc-ukosovacia-hlava-pre-plazmy-pl-c\\\/#primaryimage\",\"url\":\"https:\\\/\\\/www.ipecon.sk\\\/wp-content\\\/uploads\\\/2023\\\/07\\\/PLCBevelmotiv.jpg\",\"contentUrl\":\"https:\\\/\\\/www.ipecon.sk\\\/wp-content\\\/uploads\\\/2023\\\/07\\\/PLCBevelmotiv.jpg\",\"width\":640,\"height\":330},{\"@type\":\"BreadcrumbList\",\"@id\":\"https:\\\/\\\/www.ipecon.sk\\\/cnc-ukosovacia-hlava-pre-plazmy-pl-c\\\/#breadcrumb\",\"itemListElement\":[{\"@type\":\"ListItem\",\"position\":1,\"name\":\"Home\",\"item\":\"https:\\\/\\\/www.ipecon.sk\\\/\"},{\"@type\":\"ListItem\",\"position\":2,\"name\":\"CNC ukosovacia hlava pre plazmy PL\"}]},{\"@type\":\"WebSite\",\"@id\":\"https:\\\/\\\/www.ipecon.sk\\\/#website\",\"url\":\"https:\\\/\\\/www.ipecon.sk\\\/\",\"name\":\"IPECON\",\"description\":\"\",\"potentialAction\":[{\"@type\":\"SearchAction\",\"target\":{\"@type\":\"EntryPoint\",\"urlTemplate\":\"https:\\\/\\\/www.ipecon.sk\\\/?s={search_term_string}\"},\"query-input\":{\"@type\":\"PropertyValueSpecification\",\"valueRequired\":true,\"valueName\":\"search_term_string\"}}],\"inLanguage\":\"en-GB\"},{\"@type\":\"Person\",\"@id\":\"https:\\\/\\\/www.ipecon.sk\\\/#\\\/schema\\\/person\\\/4b8bbeefa7aa4fcf84e633a494d0e7c5\",\"name\":\"\u013dubom\u00edr Koma\u010dka\",\"description\":\"Autor \u010dl\u00e1nku &nbsp; &nbsp; obchodno-technick\u00fd mana\u017e\u00e9r lubomir.komacka@ipecon.sk +421 905 791 745\",\"url\":\"https:\\\/\\\/www.ipecon.sk\\\/en\\\/author\\\/lubomir-komacka\\\/\"}]}<\/script>\n<!-- \/ Yoast SEO plugin. -->","yoast_head_json":{"title":"CNC ukosovacia hlava pre plazmy PL - IPECON","robots":{"index":"index","follow":"follow","max-snippet":"max-snippet:-1","max-image-preview":"max-image-preview:large","max-video-preview":"max-video-preview:-1"},"canonical":"https:\/\/www.ipecon.sk\/en\/cnc-ukosovacia-hlava-pre-plazmy-pl-c\/","og_locale":"en_GB","og_type":"article","og_title":"CNC ukosovacia hlava pre plazmy PL - IPECON","og_description":"Z volite\u013en\u00e9ho pr\u00edslu\u0161enstva je mo\u017en\u00e9 ku v\u0161etk\u00fdm Plazmov\u00fdm rezac\u00edm strojom DURMA PL a PL-C objedna\u0165\u00a0CNC ukosovaciu hlavu. S plazmou vybavenou t\u00fdmto syst\u00e9mom je mo\u017en\u00e9 reza\u0165 plechy pod uhlom, alebo reza\u0165 \u00fakosy pod zvary. V pr\u00edpade rezania \u00fakosu je kont\u00fara rezan\u00e1 2x, v pr\u00edpade obojstrann\u00e9ho \u00fakosu (\u201cK\u201d rez) je kont\u00fara rezan\u00e1 3x. Na\u0161a ned\u00e1vna in\u0161tal\u00e1cia: PL-C [&hellip;]","og_url":"https:\/\/www.ipecon.sk\/en\/cnc-ukosovacia-hlava-pre-plazmy-pl-c\/","og_site_name":"IPECON","article_published_time":"2019-10-24T08:29:18+00:00","article_modified_time":"2023-08-10T11:34:40+00:00","og_image":[{"width":640,"height":330,"url":"https:\/\/www.ipecon.sk\/wp-content\/uploads\/2023\/07\/PLCBevelmotiv.jpg","type":"image\/jpeg"}],"author":"\u013dubom\u00edr Koma\u010dka","twitter_card":"summary_large_image","twitter_misc":{"Written by":"\u013dubom\u00edr Koma\u010dka","Estimated reading time":"1 minute"},"schema":{"@context":"https:\/\/schema.org","@graph":[{"@type":"Article","@id":"https:\/\/www.ipecon.sk\/cnc-ukosovacia-hlava-pre-plazmy-pl-c\/#article","isPartOf":{"@id":"https:\/\/www.ipecon.sk\/cnc-ukosovacia-hlava-pre-plazmy-pl-c\/"},"author":{"name":"\u013dubom\u00edr Koma\u010dka","@id":"https:\/\/www.ipecon.sk\/#\/schema\/person\/4b8bbeefa7aa4fcf84e633a494d0e7c5"},"headline":"CNC ukosovacia hlava pre plazmy PL","datePublished":"2019-10-24T08:29:18+00:00","dateModified":"2023-08-10T11:34:40+00:00","mainEntityOfPage":{"@id":"https:\/\/www.ipecon.sk\/cnc-ukosovacia-hlava-pre-plazmy-pl-c\/"},"wordCount":103,"commentCount":0,"image":{"@id":"https:\/\/www.ipecon.sk\/cnc-ukosovacia-hlava-pre-plazmy-pl-c\/#primaryimage"},"thumbnailUrl":"https:\/\/www.ipecon.sk\/wp-content\/uploads\/2023\/07\/PLCBevelmotiv.jpg","articleSection":["Plazmy"],"inLanguage":"en-GB","potentialAction":[{"@type":"CommentAction","name":"Comment","target":["https:\/\/www.ipecon.sk\/cnc-ukosovacia-hlava-pre-plazmy-pl-c\/#respond"]}]},{"@type":"WebPage","@id":"https:\/\/www.ipecon.sk\/cnc-ukosovacia-hlava-pre-plazmy-pl-c\/","url":"https:\/\/www.ipecon.sk\/cnc-ukosovacia-hlava-pre-plazmy-pl-c\/","name":"CNC ukosovacia hlava pre plazmy PL - IPECON","isPartOf":{"@id":"https:\/\/www.ipecon.sk\/#website"},"primaryImageOfPage":{"@id":"https:\/\/www.ipecon.sk\/cnc-ukosovacia-hlava-pre-plazmy-pl-c\/#primaryimage"},"image":{"@id":"https:\/\/www.ipecon.sk\/cnc-ukosovacia-hlava-pre-plazmy-pl-c\/#primaryimage"},"thumbnailUrl":"https:\/\/www.ipecon.sk\/wp-content\/uploads\/2023\/07\/PLCBevelmotiv.jpg","datePublished":"2019-10-24T08:29:18+00:00","dateModified":"2023-08-10T11:34:40+00:00","author":{"@id":"https:\/\/www.ipecon.sk\/#\/schema\/person\/4b8bbeefa7aa4fcf84e633a494d0e7c5"},"breadcrumb":{"@id":"https:\/\/www.ipecon.sk\/cnc-ukosovacia-hlava-pre-plazmy-pl-c\/#breadcrumb"},"inLanguage":"en-GB","potentialAction":[{"@type":"ReadAction","target":["https:\/\/www.ipecon.sk\/cnc-ukosovacia-hlava-pre-plazmy-pl-c\/"]}]},{"@type":"ImageObject","inLanguage":"en-GB","@id":"https:\/\/www.ipecon.sk\/cnc-ukosovacia-hlava-pre-plazmy-pl-c\/#primaryimage","url":"https:\/\/www.ipecon.sk\/wp-content\/uploads\/2023\/07\/PLCBevelmotiv.jpg","contentUrl":"https:\/\/www.ipecon.sk\/wp-content\/uploads\/2023\/07\/PLCBevelmotiv.jpg","width":640,"height":330},{"@type":"BreadcrumbList","@id":"https:\/\/www.ipecon.sk\/cnc-ukosovacia-hlava-pre-plazmy-pl-c\/#breadcrumb","itemListElement":[{"@type":"ListItem","position":1,"name":"Home","item":"https:\/\/www.ipecon.sk\/"},{"@type":"ListItem","position":2,"name":"CNC ukosovacia hlava pre plazmy PL"}]},{"@type":"WebSite","@id":"https:\/\/www.ipecon.sk\/#website","url":"https:\/\/www.ipecon.sk\/","name":"IPECON","description":"","potentialAction":[{"@type":"SearchAction","target":{"@type":"EntryPoint","urlTemplate":"https:\/\/www.ipecon.sk\/?s={search_term_string}"},"query-input":{"@type":"PropertyValueSpecification","valueRequired":true,"valueName":"search_term_string"}}],"inLanguage":"en-GB"},{"@type":"Person","@id":"https:\/\/www.ipecon.sk\/#\/schema\/person\/4b8bbeefa7aa4fcf84e633a494d0e7c5","name":"\u013dubom\u00edr Koma\u010dka","description":"Autor \u010dl\u00e1nku &nbsp; &nbsp; obchodno-technick\u00fd mana\u017e\u00e9r lubomir.komacka@ipecon.sk +421 905 791 745","url":"https:\/\/www.ipecon.sk\/en\/author\/lubomir-komacka\/"}]}},"_links":{"self":[{"href":"https:\/\/www.ipecon.sk\/en\/wp-json\/wp\/v2\/posts\/3429","targetHints":{"allow":["GET"]}}],"collection":[{"href":"https:\/\/www.ipecon.sk\/en\/wp-json\/wp\/v2\/posts"}],"about":[{"href":"https:\/\/www.ipecon.sk\/en\/wp-json\/wp\/v2\/types\/post"}],"author":[{"embeddable":true,"href":"https:\/\/www.ipecon.sk\/en\/wp-json\/wp\/v2\/users\/19"}],"replies":[{"embeddable":true,"href":"https:\/\/www.ipecon.sk\/en\/wp-json\/wp\/v2\/comments?post=3429"}],"version-history":[{"count":1,"href":"https:\/\/www.ipecon.sk\/en\/wp-json\/wp\/v2\/posts\/3429\/revisions"}],"predecessor-version":[{"id":4934,"href":"https:\/\/www.ipecon.sk\/en\/wp-json\/wp\/v2\/posts\/3429\/revisions\/4934"}],"wp:featuredmedia":[{"embeddable":true,"href":"https:\/\/www.ipecon.sk\/en\/wp-json\/wp\/v2\/media\/3432"}],"wp:attachment":[{"href":"https:\/\/www.ipecon.sk\/en\/wp-json\/wp\/v2\/media?parent=3429"}],"wp:term":[{"taxonomy":"category","embeddable":true,"href":"https:\/\/www.ipecon.sk\/en\/wp-json\/wp\/v2\/categories?post=3429"},{"taxonomy":"post_tag","embeddable":true,"href":"https:\/\/www.ipecon.sk\/en\/wp-json\/wp\/v2\/tags?post=3429"}],"curies":[{"name":"wp","href":"https:\/\/api.w.org\/{rel}","templated":true}]}}