{"id":3408,"date":"2020-03-02T13:49:45","date_gmt":"2020-03-02T13:49:45","guid":{"rendered":"https:\/\/www.ipecon.sk\/?p=3408"},"modified":"2023-07-18T06:15:12","modified_gmt":"2023-07-18T06:15:12","slug":"vyhody-noveho-fiber-lasera-durma-hd-fo","status":"publish","type":"post","link":"https:\/\/www.ipecon.sk\/en\/vyhody-noveho-fiber-lasera-durma-hd-fo\/","title":{"rendered":"<strong>V\u00fdhody nov\u00e9ho Fiber Lasera DURMA HD-FO<\/strong>"},"content":{"rendered":"<hr class=\"wp-block-separator has-alpha-channel-opacity is-style-wide\"\/><p>Hlavnou v\u00fdhodou tohoto Fiber Lasera je jeho&nbsp;<strong>dostupn\u00e1 cena<\/strong>! Stroj je osaden\u00fd kvalitn\u00fdmi komponentami SIEMENS, IPG, Rexroth, Framo Morat, FESTO a napriek tomu sa jedn\u00e1 sa o laser s ve\u013emi priaznivou cenou, \u010d\u00edm je dostupn\u00fd pre z\u00e1kazn\u00edkov ktor\u00ed si e\u0161te ned\u00e1vno ani&nbsp;nevedeli predstavi\u0165, \u017ee by si laser mohli dovoli\u0165.<\/p><p>Za \u010fal\u0161iu v\u00fdhodu m\u00f4\u017eeme pova\u017eova\u0165 aj jeho technick\u00fa jednoduchos\u0165. Laser obsahuje iba nevyhnutn\u00e9 minimum automatizovan\u00fdch a technicky zlo\u017eit\u00fdch prvkov, \u010do minimalizuje n\u00e1roky na servis a zni\u017euje riziko nejakej poruchy, pri zachovan\u00ed kvality procesu rezania.<\/p><p>\u010eal\u0161ou nespornou v\u00fdhodou tohoto stroja je jeho priestorov\u00e1 nen\u00e1ro\u010dnos\u0165! S\u00fa\u010das\u0165ou kab\u00edny stoja je riadiaci syst\u00e9m, elektricky rozv\u00e1dza\u010d, zdroj laseru IPG ale aj chladi\u010d. Ked\u017ee sa jedn\u00e1 o tak\u00e9to kompaktn\u00e9 vyhotovenie laser je mo\u017en\u00e9 nain\u0161talova\u0165 na ploche iba 5,5 x 8,5 m (pozrite obr\u00e1zok dolu).<\/p><p>Laser je mo\u017en\u00e9 vybavi\u0165 jedn\u00fdm manu\u00e1lne v\u00fdsuvn\u00fdm stolom, alebo dvojicou automaticky v\u00fdmenn\u00fdch stolov \u2013 pod\u013ea potreby u\u017e\u00edvate\u013ea.<\/p><p>Za v\u00fdrazn\u00fd rozdiel by sme mohli pova\u017eova\u0165 to, \u017ee laser nem\u00e1 dopravn\u00edky na vyn\u00e1\u0161anie odpadu z priestoru pod stolom. Odpad a mal\u00e9 \u010dasti prepad\u00e1vaj\u00fa cez st\u00f4l priamo do kontajnerov \u2013 \u0161upl\u00edkov pod stolom. T\u00fdmto je stroj vhodn\u00fd hlavne pre z\u00e1kazn\u00edkov, ktor\u00ed akceptuj\u00fa vy\u0161\u0161iu \u010dasov\u00fa n\u00e1ro\u010dnos\u0165 na proces vyberania odpadu, resp. mal\u00fdch prepadnut\u00fdch \u010dast\u00ed.<br>\u010eal\u0161ou nev\u00fdhodou oproti laserom radu HD-F a HD-FS je to, \u017ee nie je mo\u017en\u00e1 dia\u013ekov\u00e1 diagnostika rezacej hlavy DURMA (lasery HD-F a HD-FS maj\u00fa hlavu PRECITEC ProCutter, kde je to mo\u017en\u00e9), a tie\u017e nie je mo\u017en\u00e1 dia\u013ekov\u00e1 diagnostika rezacieho zdroja IPG YLR (lasery HD-F a HD-FS maj\u00fa zdroje IPG YLU, kde je to mo\u017en\u00e9).<\/p><figure class=\"wp-block-embed is-type-video is-provider-youtube wp-block-embed-youtube wp-embed-aspect-16-9 wp-has-aspect-ratio\"><div class=\"wp-block-embed__wrapper\">\n<iframe title=\"DURMA HD-FO 3015 laser s automatickou v\u00fdmenou stolov\" width=\"1080\" height=\"608\" src=\"https:\/\/www.youtube.com\/embed\/ghI_eWYltlA?feature=oembed\"  allow=\"accelerometer; autoplay; clipboard-write; encrypted-media; gyroscope; picture-in-picture; web-share\" allowfullscreen><\/iframe>\n<\/div><\/figure><p><strong>Z\u00e1kladn\u00e9 \u010dasti Fiber Lasera HD-FO:<\/strong><br>1 \u2013 r\u00e1m stroja, 2 \u2013 suport, 3 \u2013 automatick\u00e1 rezacia hlava DURMA alebo PRECITEC, 4 \u2013 jeden manu\u00e1lne v\u00fdsuvn\u00fd st\u00f4l (je mo\u017enos\u0165 aj dvoch automaticky v\u00fdmenn\u00fdch stolov), 5 \u2013 zdroj laseru IPG, 6 \u2013 chladi\u010d pre chladenie zdroja IPG a rezacej hlavy, 7 \u2013 elektrick\u00fd rozv\u00e1dza\u010d, 8 \u2013 samostatne stojac\u00ed automatick\u00fd filter, 9 \u2013 kab\u00edna s motroricky otv\u00e1ran\u00fdmi predn\u00fdmi dvermi a zabudovan\u00fdm riadiacim syst\u00e9mom.<\/p><figure class=\"wp-block-image aligncenter\"><img decoding=\"async\" src=\"https:\/\/ps.ipecon.sk\/wp-content\/uploads\/2020\/02\/ZahladnecastiHDFO_1.jpg\" alt=\"\" class=\"wp-image-3548\"\/><\/figure><figure class=\"wp-block-image aligncenter\"><img decoding=\"async\" src=\"https:\/\/ps.ipecon.sk\/wp-content\/uploads\/2020\/02\/HDFO3015_SettingPlan.jpg\" alt=\"\" class=\"wp-image-3539\"\/><\/figure><p><strong>Priestor potrebn\u00fd pre in\u0161tal\u00e1ciu Fiber Lasera HD-FO:<\/strong><\/p><p><strong>R\u00e1m Fiber Lasera HD-FO je pevn\u00fd robustn\u00fd zvarenec \u201cboxov\u00e9ho\u201d typu:<\/strong><\/p><figure class=\"wp-block-image aligncenter\"><img decoding=\"async\" src=\"https:\/\/ps.ipecon.sk\/wp-content\/uploads\/2020\/02\/HDFO_08.jpg\" alt=\"\" class=\"wp-image-3545\"\/><\/figure><p><strong>Polohovanie os\u00ed zabezpe\u010duj\u00fa servomotori SIEMENS, ozuben\u00e9 hrebene Framo Morat a line\u00e1rne vedenia Rexroth:<\/strong><\/p><figure class=\"wp-block-image aligncenter\"><img decoding=\"async\" src=\"https:\/\/ps.ipecon.sk\/wp-content\/uploads\/2020\/02\/HDFO_09.jpg\" alt=\"\" class=\"wp-image-3552\"\/><\/figure><p><strong>Na\u0161a ned\u00e1vna in\u0161tal\u00e1cia. Fiber Laser DURMA HD-FO 3015, 2 kW :<\/strong><\/p><figure class=\"wp-block-image aligncenter\"><img decoding=\"async\" src=\"https:\/\/ps.ipecon.sk\/wp-content\/uploads\/2020\/03\/IMG_5264.jpg\" alt=\"\" class=\"wp-image-3561\"\/><\/figure>","protected":false},"excerpt":{"rendered":"<p>Hlavnou v\u00fdhodou tohoto Fiber Lasera je jeho&nbsp;dostupn\u00e1 cena! Stroj je osaden\u00fd kvalitn\u00fdmi komponentami SIEMENS, IPG, Rexroth, Framo Morat, FESTO a napriek tomu sa jedn\u00e1 sa o laser s ve\u013emi priaznivou cenou, \u010d\u00edm je dostupn\u00fd pre z\u00e1kazn\u00edkov ktor\u00ed si e\u0161te ned\u00e1vno ani&nbsp;nevedeli predstavi\u0165, \u017ee by si laser mohli dovoli\u0165. Za \u010fal\u0161iu v\u00fdhodu m\u00f4\u017eeme pova\u017eova\u0165 aj jeho [&hellip;]<\/p>","protected":false},"author":19,"featured_media":3410,"comment_status":"open","ping_status":"open","sticky":false,"template":"","format":"standard","meta":{"_acf_changed":false,"_et_pb_use_builder":"off","_et_pb_old_content":"","_et_gb_content_width":"","footnotes":""},"categories":[48],"tags":[],"class_list":["post-3408","post","type-post","status-publish","format-standard","has-post-thumbnail","hentry","category-fiber-lasery"],"acf":[],"yoast_head":"<!-- This site is optimized with the Yoast SEO plugin v24.0 - https:\/\/yoast.com\/wordpress\/plugins\/seo\/ -->\n<title>V\u00fdhody nov\u00e9ho Fiber Lasera DURMA HD-FO - IPECON<\/title>\n<meta name=\"robots\" content=\"index, follow, max-snippet:-1, max-image-preview:large, max-video-preview:-1\" \/>\n<link rel=\"canonical\" href=\"https:\/\/www.ipecon.sk\/en\/vyhody-noveho-fiber-lasera-durma-hd-fo\/\" \/>\n<meta property=\"og:locale\" content=\"en_GB\" \/>\n<meta property=\"og:type\" content=\"article\" \/>\n<meta property=\"og:title\" content=\"V\u00fdhody nov\u00e9ho Fiber Lasera DURMA HD-FO - IPECON\" \/>\n<meta property=\"og:description\" content=\"Hlavnou v\u00fdhodou tohoto Fiber Lasera je jeho&nbsp;dostupn\u00e1 cena! Stroj je osaden\u00fd kvalitn\u00fdmi komponentami SIEMENS, IPG, Rexroth, Framo Morat, FESTO a napriek tomu sa jedn\u00e1 sa o laser s ve\u013emi priaznivou cenou, \u010d\u00edm je dostupn\u00fd pre z\u00e1kazn\u00edkov ktor\u00ed si e\u0161te ned\u00e1vno ani&nbsp;nevedeli predstavi\u0165, \u017ee by si laser mohli dovoli\u0165. Za \u010fal\u0161iu v\u00fdhodu m\u00f4\u017eeme pova\u017eova\u0165 aj jeho [&hellip;]\" \/>\n<meta property=\"og:url\" content=\"https:\/\/www.ipecon.sk\/en\/vyhody-noveho-fiber-lasera-durma-hd-fo\/\" \/>\n<meta property=\"og:site_name\" content=\"IPECON\" \/>\n<meta property=\"article:published_time\" content=\"2020-03-02T13:49:45+00:00\" \/>\n<meta property=\"article:modified_time\" content=\"2023-07-18T06:15:12+00:00\" \/>\n<meta property=\"og:image\" content=\"https:\/\/www.ipecon.sk\/wp-content\/uploads\/2023\/07\/motiv_HDFO.jpg\" \/>\n\t<meta property=\"og:image:width\" content=\"640\" \/>\n\t<meta property=\"og:image:height\" content=\"330\" \/>\n\t<meta property=\"og:image:type\" content=\"image\/jpeg\" \/>\n<meta name=\"author\" content=\"\u013dubom\u00edr Koma\u010dka\" \/>\n<meta name=\"twitter:card\" content=\"summary_large_image\" \/>\n<meta name=\"twitter:label1\" content=\"Written by\" \/>\n\t<meta name=\"twitter:data1\" content=\"\u013dubom\u00edr Koma\u010dka\" \/>\n\t<meta name=\"twitter:label2\" content=\"Estimated reading time\" \/>\n\t<meta name=\"twitter:data2\" content=\"3 minutes\" \/>\n<script type=\"application\/ld+json\" class=\"yoast-schema-graph\">{\"@context\":\"https:\/\/schema.org\",\"@graph\":[{\"@type\":\"WebPage\",\"@id\":\"https:\/\/www.ipecon.sk\/vyhody-noveho-fiber-lasera-durma-hd-fo\/\",\"url\":\"https:\/\/www.ipecon.sk\/vyhody-noveho-fiber-lasera-durma-hd-fo\/\",\"name\":\"V\u00fdhody nov\u00e9ho Fiber Lasera DURMA HD-FO - IPECON\",\"isPartOf\":{\"@id\":\"https:\/\/www.ipecon.sk\/#website\"},\"primaryImageOfPage\":{\"@id\":\"https:\/\/www.ipecon.sk\/vyhody-noveho-fiber-lasera-durma-hd-fo\/#primaryimage\"},\"image\":{\"@id\":\"https:\/\/www.ipecon.sk\/vyhody-noveho-fiber-lasera-durma-hd-fo\/#primaryimage\"},\"thumbnailUrl\":\"https:\/\/www.ipecon.sk\/wp-content\/uploads\/2023\/07\/motiv_HDFO.jpg\",\"datePublished\":\"2020-03-02T13:49:45+00:00\",\"dateModified\":\"2023-07-18T06:15:12+00:00\",\"author\":{\"@id\":\"https:\/\/www.ipecon.sk\/#\/schema\/person\/fe269b582c92b7eb339234c9e1a7bce8\"},\"breadcrumb\":{\"@id\":\"https:\/\/www.ipecon.sk\/vyhody-noveho-fiber-lasera-durma-hd-fo\/#breadcrumb\"},\"inLanguage\":\"en-GB\",\"potentialAction\":[{\"@type\":\"ReadAction\",\"target\":[\"https:\/\/www.ipecon.sk\/vyhody-noveho-fiber-lasera-durma-hd-fo\/\"]}]},{\"@type\":\"ImageObject\",\"inLanguage\":\"en-GB\",\"@id\":\"https:\/\/www.ipecon.sk\/vyhody-noveho-fiber-lasera-durma-hd-fo\/#primaryimage\",\"url\":\"https:\/\/www.ipecon.sk\/wp-content\/uploads\/2023\/07\/motiv_HDFO.jpg\",\"contentUrl\":\"https:\/\/www.ipecon.sk\/wp-content\/uploads\/2023\/07\/motiv_HDFO.jpg\",\"width\":640,\"height\":330},{\"@type\":\"BreadcrumbList\",\"@id\":\"https:\/\/www.ipecon.sk\/vyhody-noveho-fiber-lasera-durma-hd-fo\/#breadcrumb\",\"itemListElement\":[{\"@type\":\"ListItem\",\"position\":1,\"name\":\"Home\",\"item\":\"https:\/\/www.ipecon.sk\/\"},{\"@type\":\"ListItem\",\"position\":2,\"name\":\"V\u00fdhody nov\u00e9ho Fiber Lasera DURMA HD-FO\"}]},{\"@type\":\"WebSite\",\"@id\":\"https:\/\/www.ipecon.sk\/#website\",\"url\":\"https:\/\/www.ipecon.sk\/\",\"name\":\"IPECON\",\"description\":\"\",\"potentialAction\":[{\"@type\":\"SearchAction\",\"target\":{\"@type\":\"EntryPoint\",\"urlTemplate\":\"https:\/\/www.ipecon.sk\/?s={search_term_string}\"},\"query-input\":{\"@type\":\"PropertyValueSpecification\",\"valueRequired\":true,\"valueName\":\"search_term_string\"}}],\"inLanguage\":\"en-GB\"},{\"@type\":\"Person\",\"@id\":\"https:\/\/www.ipecon.sk\/#\/schema\/person\/fe269b582c92b7eb339234c9e1a7bce8\",\"name\":\"\u013dubom\u00edr Koma\u010dka\",\"description\":\"Autor \u010dl\u00e1nku &nbsp; &nbsp; obchodno-technick\u00fd mana\u017e\u00e9r lubomir.komacka@ipecon.sk +421 905 791 745\",\"url\":\"https:\/\/www.ipecon.sk\/en\/author\/lubomir-komacka\/\"}]}<\/script>\n<!-- \/ Yoast SEO plugin. -->","yoast_head_json":{"title":"V\u00fdhody nov\u00e9ho Fiber Lasera DURMA HD-FO - IPECON","robots":{"index":"index","follow":"follow","max-snippet":"max-snippet:-1","max-image-preview":"max-image-preview:large","max-video-preview":"max-video-preview:-1"},"canonical":"https:\/\/www.ipecon.sk\/en\/vyhody-noveho-fiber-lasera-durma-hd-fo\/","og_locale":"en_GB","og_type":"article","og_title":"V\u00fdhody nov\u00e9ho Fiber Lasera DURMA HD-FO - IPECON","og_description":"Hlavnou v\u00fdhodou tohoto Fiber Lasera je jeho&nbsp;dostupn\u00e1 cena! Stroj je osaden\u00fd kvalitn\u00fdmi komponentami SIEMENS, IPG, Rexroth, Framo Morat, FESTO a napriek tomu sa jedn\u00e1 sa o laser s ve\u013emi priaznivou cenou, \u010d\u00edm je dostupn\u00fd pre z\u00e1kazn\u00edkov ktor\u00ed si e\u0161te ned\u00e1vno ani&nbsp;nevedeli predstavi\u0165, \u017ee by si laser mohli dovoli\u0165. Za \u010fal\u0161iu v\u00fdhodu m\u00f4\u017eeme pova\u017eova\u0165 aj jeho [&hellip;]","og_url":"https:\/\/www.ipecon.sk\/en\/vyhody-noveho-fiber-lasera-durma-hd-fo\/","og_site_name":"IPECON","article_published_time":"2020-03-02T13:49:45+00:00","article_modified_time":"2023-07-18T06:15:12+00:00","og_image":[{"width":640,"height":330,"url":"https:\/\/www.ipecon.sk\/wp-content\/uploads\/2023\/07\/motiv_HDFO.jpg","type":"image\/jpeg"}],"author":"\u013dubom\u00edr Koma\u010dka","twitter_card":"summary_large_image","twitter_misc":{"Written by":"\u013dubom\u00edr Koma\u010dka","Estimated reading time":"3 minutes"},"schema":{"@context":"https:\/\/schema.org","@graph":[{"@type":"WebPage","@id":"https:\/\/www.ipecon.sk\/vyhody-noveho-fiber-lasera-durma-hd-fo\/","url":"https:\/\/www.ipecon.sk\/vyhody-noveho-fiber-lasera-durma-hd-fo\/","name":"V\u00fdhody nov\u00e9ho Fiber Lasera DURMA HD-FO - IPECON","isPartOf":{"@id":"https:\/\/www.ipecon.sk\/#website"},"primaryImageOfPage":{"@id":"https:\/\/www.ipecon.sk\/vyhody-noveho-fiber-lasera-durma-hd-fo\/#primaryimage"},"image":{"@id":"https:\/\/www.ipecon.sk\/vyhody-noveho-fiber-lasera-durma-hd-fo\/#primaryimage"},"thumbnailUrl":"https:\/\/www.ipecon.sk\/wp-content\/uploads\/2023\/07\/motiv_HDFO.jpg","datePublished":"2020-03-02T13:49:45+00:00","dateModified":"2023-07-18T06:15:12+00:00","author":{"@id":"https:\/\/www.ipecon.sk\/#\/schema\/person\/fe269b582c92b7eb339234c9e1a7bce8"},"breadcrumb":{"@id":"https:\/\/www.ipecon.sk\/vyhody-noveho-fiber-lasera-durma-hd-fo\/#breadcrumb"},"inLanguage":"en-GB","potentialAction":[{"@type":"ReadAction","target":["https:\/\/www.ipecon.sk\/vyhody-noveho-fiber-lasera-durma-hd-fo\/"]}]},{"@type":"ImageObject","inLanguage":"en-GB","@id":"https:\/\/www.ipecon.sk\/vyhody-noveho-fiber-lasera-durma-hd-fo\/#primaryimage","url":"https:\/\/www.ipecon.sk\/wp-content\/uploads\/2023\/07\/motiv_HDFO.jpg","contentUrl":"https:\/\/www.ipecon.sk\/wp-content\/uploads\/2023\/07\/motiv_HDFO.jpg","width":640,"height":330},{"@type":"BreadcrumbList","@id":"https:\/\/www.ipecon.sk\/vyhody-noveho-fiber-lasera-durma-hd-fo\/#breadcrumb","itemListElement":[{"@type":"ListItem","position":1,"name":"Home","item":"https:\/\/www.ipecon.sk\/"},{"@type":"ListItem","position":2,"name":"V\u00fdhody nov\u00e9ho Fiber Lasera DURMA HD-FO"}]},{"@type":"WebSite","@id":"https:\/\/www.ipecon.sk\/#website","url":"https:\/\/www.ipecon.sk\/","name":"IPECON","description":"","potentialAction":[{"@type":"SearchAction","target":{"@type":"EntryPoint","urlTemplate":"https:\/\/www.ipecon.sk\/?s={search_term_string}"},"query-input":{"@type":"PropertyValueSpecification","valueRequired":true,"valueName":"search_term_string"}}],"inLanguage":"en-GB"},{"@type":"Person","@id":"https:\/\/www.ipecon.sk\/#\/schema\/person\/fe269b582c92b7eb339234c9e1a7bce8","name":"\u013dubom\u00edr Koma\u010dka","description":"Autor \u010dl\u00e1nku &nbsp; &nbsp; obchodno-technick\u00fd mana\u017e\u00e9r lubomir.komacka@ipecon.sk +421 905 791 745","url":"https:\/\/www.ipecon.sk\/en\/author\/lubomir-komacka\/"}]}},"_links":{"self":[{"href":"https:\/\/www.ipecon.sk\/en\/wp-json\/wp\/v2\/posts\/3408","targetHints":{"allow":["GET"]}}],"collection":[{"href":"https:\/\/www.ipecon.sk\/en\/wp-json\/wp\/v2\/posts"}],"about":[{"href":"https:\/\/www.ipecon.sk\/en\/wp-json\/wp\/v2\/types\/post"}],"author":[{"embeddable":true,"href":"https:\/\/www.ipecon.sk\/en\/wp-json\/wp\/v2\/users\/19"}],"replies":[{"embeddable":true,"href":"https:\/\/www.ipecon.sk\/en\/wp-json\/wp\/v2\/comments?post=3408"}],"version-history":[{"count":0,"href":"https:\/\/www.ipecon.sk\/en\/wp-json\/wp\/v2\/posts\/3408\/revisions"}],"wp:featuredmedia":[{"embeddable":true,"href":"https:\/\/www.ipecon.sk\/en\/wp-json\/wp\/v2\/media\/3410"}],"wp:attachment":[{"href":"https:\/\/www.ipecon.sk\/en\/wp-json\/wp\/v2\/media?parent=3408"}],"wp:term":[{"taxonomy":"category","embeddable":true,"href":"https:\/\/www.ipecon.sk\/en\/wp-json\/wp\/v2\/categories?post=3408"},{"taxonomy":"post_tag","embeddable":true,"href":"https:\/\/www.ipecon.sk\/en\/wp-json\/wp\/v2\/tags?post=3408"}],"curies":[{"name":"wp","href":"https:\/\/api.w.org\/{rel}","templated":true}]}}