{"id":3399,"date":"2020-04-24T13:42:33","date_gmt":"2020-04-24T13:42:33","guid":{"rendered":"https:\/\/www.ipecon.sk\/?p=3399"},"modified":"2023-07-13T08:06:08","modified_gmt":"2023-07-13T08:06:08","slug":"aj-v-case-koronavirusu-sme-tu-pre-vas","status":"publish","type":"post","link":"https:\/\/www.ipecon.sk\/en\/aj-v-case-koronavirusu-sme-tu-pre-vas\/","title":{"rendered":"<strong>Aj v \u010dase Koronav\u00edrusu sme tu pre v\u00e1s<\/strong>"},"content":{"rendered":"<hr class=\"wp-block-separator has-alpha-channel-opacity is-style-wide\"\/><p>\u017del\u00e1me v\u00e1m, aby ste t\u00fato komplikovan\u00fa dobu zvl\u00e1dali \u010do najlep\u0161ie. Chceme v\u00e1s informova\u0165, \u017ee my pracujeme a radi v\u00e1m za\u0161leme cenov\u00fa ponuku pod\u013ea va\u0161ej po\u017eiadavky, \u010di u\u017e m\u00e1te z\u00e1ujem o ponuku na stroje, n\u00e1stroje, n\u00e1hradn\u00e9 diely alebo servis. Na\u0161e v\u00fdrobn\u00e9 z\u00e1vody mali kr\u00e1tku odst\u00e1vku. Aktu\u00e1lne v\u0161etky op\u00e4\u0165 vyr\u00e1baj\u00fa, aj ke\u010f v mierne obmedzenom re\u017eime.<\/p><p>Ver\u00edme, \u017ee by v\u00e1s mohli zauja\u0165 na\u0161e aktu\u00e1lne v\u00e4\u010d\u0161ie z\u013eavy na n\u00e1kup strojov a n\u00e1strojov.<\/p>","protected":false},"excerpt":{"rendered":"<p>\u017del\u00e1me v\u00e1m, aby ste t\u00fato komplikovan\u00fa dobu zvl\u00e1dali \u010do najlep\u0161ie. Chceme v\u00e1s informova\u0165, \u017ee my pracujeme a radi v\u00e1m za\u0161leme cenov\u00fa ponuku pod\u013ea va\u0161ej po\u017eiadavky, \u010di u\u017e m\u00e1te z\u00e1ujem o ponuku na stroje, n\u00e1stroje, n\u00e1hradn\u00e9 diely alebo servis. Na\u0161e v\u00fdrobn\u00e9 z\u00e1vody mali kr\u00e1tku odst\u00e1vku. Aktu\u00e1lne v\u0161etky op\u00e4\u0165 vyr\u00e1baj\u00fa, aj ke\u010f v mierne obmedzenom re\u017eime. Ver\u00edme, [&hellip;]<\/p>","protected":false},"author":14,"featured_media":3400,"comment_status":"open","ping_status":"open","sticky":false,"template":"","format":"standard","meta":{"_acf_changed":false,"_et_pb_use_builder":"off","_et_pb_old_content":"","_et_gb_content_width":"","footnotes":""},"categories":[51],"tags":[],"class_list":["post-3399","post","type-post","status-publish","format-standard","has-post-thumbnail","hentry","category-ipecon"],"acf":[],"yoast_head":"<!-- This site is optimized with the Yoast SEO plugin v24.0 - https:\/\/yoast.com\/wordpress\/plugins\/seo\/ -->\n<title>Aj v \u010dase Koronav\u00edrusu sme tu pre v\u00e1s - IPECON<\/title>\n<meta name=\"robots\" content=\"index, follow, max-snippet:-1, max-image-preview:large, max-video-preview:-1\" \/>\n<link rel=\"canonical\" href=\"https:\/\/www.ipecon.sk\/en\/aj-v-case-koronavirusu-sme-tu-pre-vas\/\" \/>\n<meta property=\"og:locale\" content=\"en_GB\" \/>\n<meta property=\"og:type\" content=\"article\" \/>\n<meta property=\"og:title\" content=\"Aj v \u010dase Koronav\u00edrusu sme tu pre v\u00e1s - IPECON\" \/>\n<meta property=\"og:description\" content=\"\u017del\u00e1me v\u00e1m, aby ste t\u00fato komplikovan\u00fa dobu zvl\u00e1dali \u010do najlep\u0161ie. Chceme v\u00e1s informova\u0165, \u017ee my pracujeme a radi v\u00e1m za\u0161leme cenov\u00fa ponuku pod\u013ea va\u0161ej po\u017eiadavky, \u010di u\u017e m\u00e1te z\u00e1ujem o ponuku na stroje, n\u00e1stroje, n\u00e1hradn\u00e9 diely alebo servis. Na\u0161e v\u00fdrobn\u00e9 z\u00e1vody mali kr\u00e1tku odst\u00e1vku. Aktu\u00e1lne v\u0161etky op\u00e4\u0165 vyr\u00e1baj\u00fa, aj ke\u010f v mierne obmedzenom re\u017eime. Ver\u00edme, [&hellip;]\" \/>\n<meta property=\"og:url\" content=\"https:\/\/www.ipecon.sk\/en\/aj-v-case-koronavirusu-sme-tu-pre-vas\/\" \/>\n<meta property=\"og:site_name\" content=\"IPECON\" \/>\n<meta property=\"article:published_time\" content=\"2020-04-24T13:42:33+00:00\" \/>\n<meta property=\"article:modified_time\" content=\"2023-07-13T08:06:08+00:00\" \/>\n<meta property=\"og:image\" content=\"https:\/\/www.ipecon.sk\/wp-content\/uploads\/2023\/07\/ipc_korona_motiv.jpg\" \/>\n\t<meta property=\"og:image:width\" content=\"640\" \/>\n\t<meta property=\"og:image:height\" content=\"330\" \/>\n\t<meta property=\"og:image:type\" content=\"image\/jpeg\" \/>\n<meta name=\"author\" content=\"Marek Ryb\u00e1r\" \/>\n<meta name=\"twitter:card\" content=\"summary_large_image\" \/>\n<meta name=\"twitter:label1\" content=\"Written by\" \/>\n\t<meta name=\"twitter:data1\" content=\"Marek Ryb\u00e1r\" \/>\n\t<meta name=\"twitter:label2\" content=\"Estimated reading time\" \/>\n\t<meta name=\"twitter:data2\" content=\"1 minute\" \/>\n<script type=\"application\/ld+json\" class=\"yoast-schema-graph\">{\"@context\":\"https:\/\/schema.org\",\"@graph\":[{\"@type\":\"WebPage\",\"@id\":\"https:\/\/www.ipecon.sk\/aj-v-case-koronavirusu-sme-tu-pre-vas\/\",\"url\":\"https:\/\/www.ipecon.sk\/aj-v-case-koronavirusu-sme-tu-pre-vas\/\",\"name\":\"Aj v \u010dase Koronav\u00edrusu sme tu pre v\u00e1s - IPECON\",\"isPartOf\":{\"@id\":\"https:\/\/www.ipecon.sk\/#website\"},\"primaryImageOfPage\":{\"@id\":\"https:\/\/www.ipecon.sk\/aj-v-case-koronavirusu-sme-tu-pre-vas\/#primaryimage\"},\"image\":{\"@id\":\"https:\/\/www.ipecon.sk\/aj-v-case-koronavirusu-sme-tu-pre-vas\/#primaryimage\"},\"thumbnailUrl\":\"https:\/\/www.ipecon.sk\/wp-content\/uploads\/2023\/07\/ipc_korona_motiv.jpg\",\"datePublished\":\"2020-04-24T13:42:33+00:00\",\"dateModified\":\"2023-07-13T08:06:08+00:00\",\"author\":{\"@id\":\"https:\/\/www.ipecon.sk\/#\/schema\/person\/b74ec9c56a318fb24f4ccfbfdc1063d9\"},\"breadcrumb\":{\"@id\":\"https:\/\/www.ipecon.sk\/aj-v-case-koronavirusu-sme-tu-pre-vas\/#breadcrumb\"},\"inLanguage\":\"en-GB\",\"potentialAction\":[{\"@type\":\"ReadAction\",\"target\":[\"https:\/\/www.ipecon.sk\/aj-v-case-koronavirusu-sme-tu-pre-vas\/\"]}]},{\"@type\":\"ImageObject\",\"inLanguage\":\"en-GB\",\"@id\":\"https:\/\/www.ipecon.sk\/aj-v-case-koronavirusu-sme-tu-pre-vas\/#primaryimage\",\"url\":\"https:\/\/www.ipecon.sk\/wp-content\/uploads\/2023\/07\/ipc_korona_motiv.jpg\",\"contentUrl\":\"https:\/\/www.ipecon.sk\/wp-content\/uploads\/2023\/07\/ipc_korona_motiv.jpg\",\"width\":640,\"height\":330},{\"@type\":\"BreadcrumbList\",\"@id\":\"https:\/\/www.ipecon.sk\/aj-v-case-koronavirusu-sme-tu-pre-vas\/#breadcrumb\",\"itemListElement\":[{\"@type\":\"ListItem\",\"position\":1,\"name\":\"Home\",\"item\":\"https:\/\/www.ipecon.sk\/\"},{\"@type\":\"ListItem\",\"position\":2,\"name\":\"Aj v \u010dase Koronav\u00edrusu sme tu pre v\u00e1s\"}]},{\"@type\":\"WebSite\",\"@id\":\"https:\/\/www.ipecon.sk\/#website\",\"url\":\"https:\/\/www.ipecon.sk\/\",\"name\":\"IPECON\",\"description\":\"\",\"potentialAction\":[{\"@type\":\"SearchAction\",\"target\":{\"@type\":\"EntryPoint\",\"urlTemplate\":\"https:\/\/www.ipecon.sk\/?s={search_term_string}\"},\"query-input\":{\"@type\":\"PropertyValueSpecification\",\"valueRequired\":true,\"valueName\":\"search_term_string\"}}],\"inLanguage\":\"en-GB\"},{\"@type\":\"Person\",\"@id\":\"https:\/\/www.ipecon.sk\/#\/schema\/person\/b74ec9c56a318fb24f4ccfbfdc1063d9\",\"name\":\"Marek Ryb\u00e1r\",\"description\":\"Autor \u010dl\u00e1nku &nbsp; &nbsp; obchodno-technick\u00fd mana\u017e\u00e9r marek.rybar@ipecon.sk +421 905 433 567\",\"url\":\"https:\/\/www.ipecon.sk\/en\/author\/marek-rybar\/\"}]}<\/script>\n<!-- \/ Yoast SEO plugin. -->","yoast_head_json":{"title":"Aj v \u010dase Koronav\u00edrusu sme tu pre v\u00e1s - IPECON","robots":{"index":"index","follow":"follow","max-snippet":"max-snippet:-1","max-image-preview":"max-image-preview:large","max-video-preview":"max-video-preview:-1"},"canonical":"https:\/\/www.ipecon.sk\/en\/aj-v-case-koronavirusu-sme-tu-pre-vas\/","og_locale":"en_GB","og_type":"article","og_title":"Aj v \u010dase Koronav\u00edrusu sme tu pre v\u00e1s - IPECON","og_description":"\u017del\u00e1me v\u00e1m, aby ste t\u00fato komplikovan\u00fa dobu zvl\u00e1dali \u010do najlep\u0161ie. Chceme v\u00e1s informova\u0165, \u017ee my pracujeme a radi v\u00e1m za\u0161leme cenov\u00fa ponuku pod\u013ea va\u0161ej po\u017eiadavky, \u010di u\u017e m\u00e1te z\u00e1ujem o ponuku na stroje, n\u00e1stroje, n\u00e1hradn\u00e9 diely alebo servis. Na\u0161e v\u00fdrobn\u00e9 z\u00e1vody mali kr\u00e1tku odst\u00e1vku. Aktu\u00e1lne v\u0161etky op\u00e4\u0165 vyr\u00e1baj\u00fa, aj ke\u010f v mierne obmedzenom re\u017eime. Ver\u00edme, [&hellip;]","og_url":"https:\/\/www.ipecon.sk\/en\/aj-v-case-koronavirusu-sme-tu-pre-vas\/","og_site_name":"IPECON","article_published_time":"2020-04-24T13:42:33+00:00","article_modified_time":"2023-07-13T08:06:08+00:00","og_image":[{"width":640,"height":330,"url":"https:\/\/www.ipecon.sk\/wp-content\/uploads\/2023\/07\/ipc_korona_motiv.jpg","type":"image\/jpeg"}],"author":"Marek Ryb\u00e1r","twitter_card":"summary_large_image","twitter_misc":{"Written by":"Marek Ryb\u00e1r","Estimated reading time":"1 minute"},"schema":{"@context":"https:\/\/schema.org","@graph":[{"@type":"WebPage","@id":"https:\/\/www.ipecon.sk\/aj-v-case-koronavirusu-sme-tu-pre-vas\/","url":"https:\/\/www.ipecon.sk\/aj-v-case-koronavirusu-sme-tu-pre-vas\/","name":"Aj v \u010dase Koronav\u00edrusu sme tu pre v\u00e1s - IPECON","isPartOf":{"@id":"https:\/\/www.ipecon.sk\/#website"},"primaryImageOfPage":{"@id":"https:\/\/www.ipecon.sk\/aj-v-case-koronavirusu-sme-tu-pre-vas\/#primaryimage"},"image":{"@id":"https:\/\/www.ipecon.sk\/aj-v-case-koronavirusu-sme-tu-pre-vas\/#primaryimage"},"thumbnailUrl":"https:\/\/www.ipecon.sk\/wp-content\/uploads\/2023\/07\/ipc_korona_motiv.jpg","datePublished":"2020-04-24T13:42:33+00:00","dateModified":"2023-07-13T08:06:08+00:00","author":{"@id":"https:\/\/www.ipecon.sk\/#\/schema\/person\/b74ec9c56a318fb24f4ccfbfdc1063d9"},"breadcrumb":{"@id":"https:\/\/www.ipecon.sk\/aj-v-case-koronavirusu-sme-tu-pre-vas\/#breadcrumb"},"inLanguage":"en-GB","potentialAction":[{"@type":"ReadAction","target":["https:\/\/www.ipecon.sk\/aj-v-case-koronavirusu-sme-tu-pre-vas\/"]}]},{"@type":"ImageObject","inLanguage":"en-GB","@id":"https:\/\/www.ipecon.sk\/aj-v-case-koronavirusu-sme-tu-pre-vas\/#primaryimage","url":"https:\/\/www.ipecon.sk\/wp-content\/uploads\/2023\/07\/ipc_korona_motiv.jpg","contentUrl":"https:\/\/www.ipecon.sk\/wp-content\/uploads\/2023\/07\/ipc_korona_motiv.jpg","width":640,"height":330},{"@type":"BreadcrumbList","@id":"https:\/\/www.ipecon.sk\/aj-v-case-koronavirusu-sme-tu-pre-vas\/#breadcrumb","itemListElement":[{"@type":"ListItem","position":1,"name":"Home","item":"https:\/\/www.ipecon.sk\/"},{"@type":"ListItem","position":2,"name":"Aj v \u010dase Koronav\u00edrusu sme tu pre v\u00e1s"}]},{"@type":"WebSite","@id":"https:\/\/www.ipecon.sk\/#website","url":"https:\/\/www.ipecon.sk\/","name":"IPECON","description":"","potentialAction":[{"@type":"SearchAction","target":{"@type":"EntryPoint","urlTemplate":"https:\/\/www.ipecon.sk\/?s={search_term_string}"},"query-input":{"@type":"PropertyValueSpecification","valueRequired":true,"valueName":"search_term_string"}}],"inLanguage":"en-GB"},{"@type":"Person","@id":"https:\/\/www.ipecon.sk\/#\/schema\/person\/b74ec9c56a318fb24f4ccfbfdc1063d9","name":"Marek Ryb\u00e1r","description":"Autor \u010dl\u00e1nku &nbsp; &nbsp; obchodno-technick\u00fd mana\u017e\u00e9r marek.rybar@ipecon.sk +421 905 433 567","url":"https:\/\/www.ipecon.sk\/en\/author\/marek-rybar\/"}]}},"_links":{"self":[{"href":"https:\/\/www.ipecon.sk\/en\/wp-json\/wp\/v2\/posts\/3399","targetHints":{"allow":["GET"]}}],"collection":[{"href":"https:\/\/www.ipecon.sk\/en\/wp-json\/wp\/v2\/posts"}],"about":[{"href":"https:\/\/www.ipecon.sk\/en\/wp-json\/wp\/v2\/types\/post"}],"author":[{"embeddable":true,"href":"https:\/\/www.ipecon.sk\/en\/wp-json\/wp\/v2\/users\/14"}],"replies":[{"embeddable":true,"href":"https:\/\/www.ipecon.sk\/en\/wp-json\/wp\/v2\/comments?post=3399"}],"version-history":[{"count":0,"href":"https:\/\/www.ipecon.sk\/en\/wp-json\/wp\/v2\/posts\/3399\/revisions"}],"wp:featuredmedia":[{"embeddable":true,"href":"https:\/\/www.ipecon.sk\/en\/wp-json\/wp\/v2\/media\/3400"}],"wp:attachment":[{"href":"https:\/\/www.ipecon.sk\/en\/wp-json\/wp\/v2\/media?parent=3399"}],"wp:term":[{"taxonomy":"category","embeddable":true,"href":"https:\/\/www.ipecon.sk\/en\/wp-json\/wp\/v2\/categories?post=3399"},{"taxonomy":"post_tag","embeddable":true,"href":"https:\/\/www.ipecon.sk\/en\/wp-json\/wp\/v2\/tags?post=3399"}],"curies":[{"name":"wp","href":"https:\/\/api.w.org\/{rel}","templated":true}]}}