{"id":3347,"date":"2021-10-25T12:51:18","date_gmt":"2021-10-25T12:51:18","guid":{"rendered":"https:\/\/www.ipecon.sk\/?p=3347"},"modified":"2023-08-09T10:05:19","modified_gmt":"2023-08-09T10:05:19","slug":"najvykonnejsi-a-najvacsi-laser-turecka","status":"publish","type":"post","link":"https:\/\/www.ipecon.sk\/en\/najvykonnejsi-a-najvacsi-laser-turecka\/","title":{"rendered":"<strong>NAJV\u00ddKONNEJ\u0160\u00cd A NAJV\u00c4\u010c\u0160\u00cd LASER TURECKA<\/strong>"},"content":{"rendered":"<hr class=\"wp-block-separator has-alpha-channel-opacity is-style-wide\"\/><p>DURMAZLAR, najv\u00e4\u010d\u0161ia tureck\u00e1 spolo\u010dnos\u0165 vo v\u00fdrobe laserov\u00fdch rezac\u00edch strojov, m\u00e1 najv\u00e4\u010d\u0161\u00ed a najv\u00fdkonnej\u0161\u00ed laserov\u00fd rezac\u00ed stroj vyroben\u00fd v Turecku s v\u00fdkonom lasera 15 kW, ktor\u00fd m\u00e1 kapacitu na rezanie plechu&nbsp;<em><strong>14 metrov x 3 metre<\/strong><\/em>&nbsp;do hr\u00fabky&nbsp;<strong><em>40 mm<\/em><\/strong>, s mo\u017enos\u0165ou CNC rezania pod uhlom +\/-45 stup\u0148ov. V novembri 2021 bude expedovan\u00fd a in\u0161talovan\u00fd do Po\u013eska.<\/p><figure class=\"wp-block-image aligncenter\"><img decoding=\"async\" src=\"https:\/\/ps.ipecon.sk\/wp-content\/uploads\/2021\/10\/BigLaserObr_2.jpg\" alt=\"\" class=\"wp-image-4188\"\/><\/figure><figure class=\"wp-block-image aligncenter is-resized\"><img decoding=\"async\" src=\"https:\/\/ps.ipecon.sk\/wp-content\/uploads\/2021\/10\/BigLaserTab_1.jpg\" alt=\"\" class=\"wp-image-4184\" width=\"690\" height=\"487\"\/><\/figure><figure class=\"wp-block-image aligncenter is-resized\"><img decoding=\"async\" src=\"https:\/\/ps.ipecon.sk\/wp-content\/uploads\/2021\/10\/BigLaserTab_2-1024x277.jpg\" alt=\"\" class=\"wp-image-4185\" width=\"690\" height=\"186\"\/><\/figure><p>Je to na trhu prv\u00fd laser&nbsp;<strong><em>DURMA&nbsp;<\/em><\/strong>s reznou plochou 14 x 3 metre \u2013 15 kW pripraven\u00fd na prev\u00e1dzku 24\/7. Stroj zvl\u00e1da rezanie hrub\u00fdch aj tenk\u00fdch materi\u00e1loch z uhl\u00edkovej a nerezovej ocele, ale aj hlin\u00edk (hr\u00fabky od 0,5 mm do 40 mmm r\u00f4zne pod\u013ea typu materi\u00e1lu).<\/p><figure class=\"wp-block-image aligncenter is-resized\"><img decoding=\"async\" src=\"https:\/\/ps.ipecon.sk\/wp-content\/uploads\/2021\/10\/BigLaserTab_3.jpg\" alt=\"\" class=\"wp-image-4187\" width=\"685\" height=\"237\"\/><\/figure><figure class=\"wp-block-image aligncenter is-resized\"><img decoding=\"async\" src=\"https:\/\/ps.ipecon.sk\/wp-content\/uploads\/2021\/10\/BigLaserTab_6.jpg\" alt=\"\" class=\"wp-image-4193\" width=\"685\" height=\"249\"\/><\/figure><p>V porovnan\u00ed s 10 kW laserov\u00fdm zdrojom sa r\u00fdchlos\u0165 rezania 15 kW Fiber Laserom (s dus\u00edkom) zvy\u0161uje a\u017e o 50 % .<\/p><p>Charakteristiky&nbsp;<strong><em>DURMA<\/em>&nbsp;<\/strong>Fiber laserov:<\/p><ul class=\"wp-block-list\"><li>R\u00fdchle a presn\u00e9 rezanie<\/li>\n\n<li>Ni\u017e\u0161ie prev\u00e1dzkov\u00e9 n\u00e1klady<\/li>\n\n<li>Tenk\u00e9 aj hrub\u00e9 plechy<\/li>\n\n<li>Maxim\u00e1lna produktivita<\/li>\n\n<li>Hladk\u00e9 rezn\u00e9 hrany<\/li><\/ul>","protected":false},"excerpt":{"rendered":"<p>DURMAZLAR, najv\u00e4\u010d\u0161ia tureck\u00e1 spolo\u010dnos\u0165 vo v\u00fdrobe laserov\u00fdch rezac\u00edch strojov, m\u00e1 najv\u00e4\u010d\u0161\u00ed a najv\u00fdkonnej\u0161\u00ed laserov\u00fd rezac\u00ed stroj vyroben\u00fd v Turecku s v\u00fdkonom lasera 15 kW, ktor\u00fd m\u00e1 kapacitu na rezanie plechu&nbsp;14 metrov x 3 metre&nbsp;do hr\u00fabky&nbsp;40 mm, s mo\u017enos\u0165ou CNC rezania pod uhlom +\/-45 stup\u0148ov. V novembri 2021 bude expedovan\u00fd a in\u0161talovan\u00fd do Po\u013eska. Je to [&hellip;]<\/p>","protected":false},"author":14,"featured_media":3348,"comment_status":"open","ping_status":"open","sticky":false,"template":"","format":"standard","meta":{"_acf_changed":false,"_et_pb_use_builder":"off","_et_pb_old_content":"","_et_gb_content_width":"","footnotes":""},"categories":[48],"tags":[],"class_list":["post-3347","post","type-post","status-publish","format-standard","has-post-thumbnail","hentry","category-fiber-lasery"],"acf":[],"yoast_head":"<!-- This site is optimized with the Yoast SEO plugin v24.0 - https:\/\/yoast.com\/wordpress\/plugins\/seo\/ -->\n<title>NAJV\u00ddKONNEJ\u0160\u00cd A NAJV\u00c4\u010c\u0160\u00cd LASER TURECKA - IPECON<\/title>\n<meta name=\"robots\" content=\"index, follow, max-snippet:-1, max-image-preview:large, max-video-preview:-1\" \/>\n<link rel=\"canonical\" href=\"https:\/\/www.ipecon.sk\/en\/najvykonnejsi-a-najvacsi-laser-turecka\/\" \/>\n<meta property=\"og:locale\" content=\"en_GB\" \/>\n<meta property=\"og:type\" content=\"article\" \/>\n<meta property=\"og:title\" content=\"NAJV\u00ddKONNEJ\u0160\u00cd A NAJV\u00c4\u010c\u0160\u00cd LASER TURECKA - IPECON\" \/>\n<meta property=\"og:description\" content=\"DURMAZLAR, najv\u00e4\u010d\u0161ia tureck\u00e1 spolo\u010dnos\u0165 vo v\u00fdrobe laserov\u00fdch rezac\u00edch strojov, m\u00e1 najv\u00e4\u010d\u0161\u00ed a najv\u00fdkonnej\u0161\u00ed laserov\u00fd rezac\u00ed stroj vyroben\u00fd v Turecku s v\u00fdkonom lasera 15 kW, ktor\u00fd m\u00e1 kapacitu na rezanie plechu&nbsp;14 metrov x 3 metre&nbsp;do hr\u00fabky&nbsp;40 mm, s mo\u017enos\u0165ou CNC rezania pod uhlom +\/-45 stup\u0148ov. V novembri 2021 bude expedovan\u00fd a in\u0161talovan\u00fd do Po\u013eska. Je to [&hellip;]\" \/>\n<meta property=\"og:url\" content=\"https:\/\/www.ipecon.sk\/en\/najvykonnejsi-a-najvacsi-laser-turecka\/\" \/>\n<meta property=\"og:site_name\" content=\"IPECON\" \/>\n<meta property=\"article:published_time\" content=\"2021-10-25T12:51:18+00:00\" \/>\n<meta property=\"article:modified_time\" content=\"2023-08-09T10:05:19+00:00\" \/>\n<meta property=\"og:image\" content=\"https:\/\/www.ipecon.sk\/wp-content\/uploads\/2023\/07\/BEVEL_motiv.jpg\" \/>\n\t<meta property=\"og:image:width\" content=\"640\" \/>\n\t<meta property=\"og:image:height\" content=\"330\" \/>\n\t<meta property=\"og:image:type\" content=\"image\/jpeg\" \/>\n<meta name=\"author\" content=\"Marek Ryb\u00e1r\" \/>\n<meta name=\"twitter:card\" content=\"summary_large_image\" \/>\n<meta name=\"twitter:label1\" content=\"Written by\" \/>\n\t<meta name=\"twitter:data1\" content=\"Marek Ryb\u00e1r\" \/>\n\t<meta name=\"twitter:label2\" content=\"Estimated reading time\" \/>\n\t<meta name=\"twitter:data2\" content=\"2 minutes\" \/>\n<script type=\"application\/ld+json\" class=\"yoast-schema-graph\">{\"@context\":\"https:\/\/schema.org\",\"@graph\":[{\"@type\":\"WebPage\",\"@id\":\"https:\/\/www.ipecon.sk\/najvykonnejsi-a-najvacsi-laser-turecka\/\",\"url\":\"https:\/\/www.ipecon.sk\/najvykonnejsi-a-najvacsi-laser-turecka\/\",\"name\":\"NAJV\u00ddKONNEJ\u0160\u00cd A NAJV\u00c4\u010c\u0160\u00cd LASER TURECKA - IPECON\",\"isPartOf\":{\"@id\":\"https:\/\/www.ipecon.sk\/#website\"},\"primaryImageOfPage\":{\"@id\":\"https:\/\/www.ipecon.sk\/najvykonnejsi-a-najvacsi-laser-turecka\/#primaryimage\"},\"image\":{\"@id\":\"https:\/\/www.ipecon.sk\/najvykonnejsi-a-najvacsi-laser-turecka\/#primaryimage\"},\"thumbnailUrl\":\"https:\/\/www.ipecon.sk\/wp-content\/uploads\/2023\/07\/BEVEL_motiv.jpg\",\"datePublished\":\"2021-10-25T12:51:18+00:00\",\"dateModified\":\"2023-08-09T10:05:19+00:00\",\"author\":{\"@id\":\"https:\/\/www.ipecon.sk\/#\/schema\/person\/b74ec9c56a318fb24f4ccfbfdc1063d9\"},\"breadcrumb\":{\"@id\":\"https:\/\/www.ipecon.sk\/najvykonnejsi-a-najvacsi-laser-turecka\/#breadcrumb\"},\"inLanguage\":\"en-GB\",\"potentialAction\":[{\"@type\":\"ReadAction\",\"target\":[\"https:\/\/www.ipecon.sk\/najvykonnejsi-a-najvacsi-laser-turecka\/\"]}]},{\"@type\":\"ImageObject\",\"inLanguage\":\"en-GB\",\"@id\":\"https:\/\/www.ipecon.sk\/najvykonnejsi-a-najvacsi-laser-turecka\/#primaryimage\",\"url\":\"https:\/\/www.ipecon.sk\/wp-content\/uploads\/2023\/07\/BEVEL_motiv.jpg\",\"contentUrl\":\"https:\/\/www.ipecon.sk\/wp-content\/uploads\/2023\/07\/BEVEL_motiv.jpg\",\"width\":640,\"height\":330},{\"@type\":\"BreadcrumbList\",\"@id\":\"https:\/\/www.ipecon.sk\/najvykonnejsi-a-najvacsi-laser-turecka\/#breadcrumb\",\"itemListElement\":[{\"@type\":\"ListItem\",\"position\":1,\"name\":\"Home\",\"item\":\"https:\/\/www.ipecon.sk\/\"},{\"@type\":\"ListItem\",\"position\":2,\"name\":\"NAJV\u00ddKONNEJ\u0160\u00cd A NAJV\u00c4\u010c\u0160\u00cd LASER TURECKA\"}]},{\"@type\":\"WebSite\",\"@id\":\"https:\/\/www.ipecon.sk\/#website\",\"url\":\"https:\/\/www.ipecon.sk\/\",\"name\":\"IPECON\",\"description\":\"\",\"potentialAction\":[{\"@type\":\"SearchAction\",\"target\":{\"@type\":\"EntryPoint\",\"urlTemplate\":\"https:\/\/www.ipecon.sk\/?s={search_term_string}\"},\"query-input\":{\"@type\":\"PropertyValueSpecification\",\"valueRequired\":true,\"valueName\":\"search_term_string\"}}],\"inLanguage\":\"en-GB\"},{\"@type\":\"Person\",\"@id\":\"https:\/\/www.ipecon.sk\/#\/schema\/person\/b74ec9c56a318fb24f4ccfbfdc1063d9\",\"name\":\"Marek Ryb\u00e1r\",\"description\":\"Autor \u010dl\u00e1nku &nbsp; &nbsp; obchodno-technick\u00fd mana\u017e\u00e9r marek.rybar@ipecon.sk +421 905 433 567\",\"url\":\"https:\/\/www.ipecon.sk\/en\/author\/marek-rybar\/\"}]}<\/script>\n<!-- \/ Yoast SEO plugin. -->","yoast_head_json":{"title":"NAJV\u00ddKONNEJ\u0160\u00cd A NAJV\u00c4\u010c\u0160\u00cd LASER TURECKA - IPECON","robots":{"index":"index","follow":"follow","max-snippet":"max-snippet:-1","max-image-preview":"max-image-preview:large","max-video-preview":"max-video-preview:-1"},"canonical":"https:\/\/www.ipecon.sk\/en\/najvykonnejsi-a-najvacsi-laser-turecka\/","og_locale":"en_GB","og_type":"article","og_title":"NAJV\u00ddKONNEJ\u0160\u00cd A NAJV\u00c4\u010c\u0160\u00cd LASER TURECKA - IPECON","og_description":"DURMAZLAR, najv\u00e4\u010d\u0161ia tureck\u00e1 spolo\u010dnos\u0165 vo v\u00fdrobe laserov\u00fdch rezac\u00edch strojov, m\u00e1 najv\u00e4\u010d\u0161\u00ed a najv\u00fdkonnej\u0161\u00ed laserov\u00fd rezac\u00ed stroj vyroben\u00fd v Turecku s v\u00fdkonom lasera 15 kW, ktor\u00fd m\u00e1 kapacitu na rezanie plechu&nbsp;14 metrov x 3 metre&nbsp;do hr\u00fabky&nbsp;40 mm, s mo\u017enos\u0165ou CNC rezania pod uhlom +\/-45 stup\u0148ov. V novembri 2021 bude expedovan\u00fd a in\u0161talovan\u00fd do Po\u013eska. Je to [&hellip;]","og_url":"https:\/\/www.ipecon.sk\/en\/najvykonnejsi-a-najvacsi-laser-turecka\/","og_site_name":"IPECON","article_published_time":"2021-10-25T12:51:18+00:00","article_modified_time":"2023-08-09T10:05:19+00:00","og_image":[{"width":640,"height":330,"url":"https:\/\/www.ipecon.sk\/wp-content\/uploads\/2023\/07\/BEVEL_motiv.jpg","type":"image\/jpeg"}],"author":"Marek Ryb\u00e1r","twitter_card":"summary_large_image","twitter_misc":{"Written by":"Marek Ryb\u00e1r","Estimated reading time":"2 minutes"},"schema":{"@context":"https:\/\/schema.org","@graph":[{"@type":"WebPage","@id":"https:\/\/www.ipecon.sk\/najvykonnejsi-a-najvacsi-laser-turecka\/","url":"https:\/\/www.ipecon.sk\/najvykonnejsi-a-najvacsi-laser-turecka\/","name":"NAJV\u00ddKONNEJ\u0160\u00cd A NAJV\u00c4\u010c\u0160\u00cd LASER TURECKA - IPECON","isPartOf":{"@id":"https:\/\/www.ipecon.sk\/#website"},"primaryImageOfPage":{"@id":"https:\/\/www.ipecon.sk\/najvykonnejsi-a-najvacsi-laser-turecka\/#primaryimage"},"image":{"@id":"https:\/\/www.ipecon.sk\/najvykonnejsi-a-najvacsi-laser-turecka\/#primaryimage"},"thumbnailUrl":"https:\/\/www.ipecon.sk\/wp-content\/uploads\/2023\/07\/BEVEL_motiv.jpg","datePublished":"2021-10-25T12:51:18+00:00","dateModified":"2023-08-09T10:05:19+00:00","author":{"@id":"https:\/\/www.ipecon.sk\/#\/schema\/person\/b74ec9c56a318fb24f4ccfbfdc1063d9"},"breadcrumb":{"@id":"https:\/\/www.ipecon.sk\/najvykonnejsi-a-najvacsi-laser-turecka\/#breadcrumb"},"inLanguage":"en-GB","potentialAction":[{"@type":"ReadAction","target":["https:\/\/www.ipecon.sk\/najvykonnejsi-a-najvacsi-laser-turecka\/"]}]},{"@type":"ImageObject","inLanguage":"en-GB","@id":"https:\/\/www.ipecon.sk\/najvykonnejsi-a-najvacsi-laser-turecka\/#primaryimage","url":"https:\/\/www.ipecon.sk\/wp-content\/uploads\/2023\/07\/BEVEL_motiv.jpg","contentUrl":"https:\/\/www.ipecon.sk\/wp-content\/uploads\/2023\/07\/BEVEL_motiv.jpg","width":640,"height":330},{"@type":"BreadcrumbList","@id":"https:\/\/www.ipecon.sk\/najvykonnejsi-a-najvacsi-laser-turecka\/#breadcrumb","itemListElement":[{"@type":"ListItem","position":1,"name":"Home","item":"https:\/\/www.ipecon.sk\/"},{"@type":"ListItem","position":2,"name":"NAJV\u00ddKONNEJ\u0160\u00cd A NAJV\u00c4\u010c\u0160\u00cd LASER TURECKA"}]},{"@type":"WebSite","@id":"https:\/\/www.ipecon.sk\/#website","url":"https:\/\/www.ipecon.sk\/","name":"IPECON","description":"","potentialAction":[{"@type":"SearchAction","target":{"@type":"EntryPoint","urlTemplate":"https:\/\/www.ipecon.sk\/?s={search_term_string}"},"query-input":{"@type":"PropertyValueSpecification","valueRequired":true,"valueName":"search_term_string"}}],"inLanguage":"en-GB"},{"@type":"Person","@id":"https:\/\/www.ipecon.sk\/#\/schema\/person\/b74ec9c56a318fb24f4ccfbfdc1063d9","name":"Marek Ryb\u00e1r","description":"Autor \u010dl\u00e1nku &nbsp; &nbsp; obchodno-technick\u00fd mana\u017e\u00e9r marek.rybar@ipecon.sk +421 905 433 567","url":"https:\/\/www.ipecon.sk\/en\/author\/marek-rybar\/"}]}},"_links":{"self":[{"href":"https:\/\/www.ipecon.sk\/en\/wp-json\/wp\/v2\/posts\/3347","targetHints":{"allow":["GET"]}}],"collection":[{"href":"https:\/\/www.ipecon.sk\/en\/wp-json\/wp\/v2\/posts"}],"about":[{"href":"https:\/\/www.ipecon.sk\/en\/wp-json\/wp\/v2\/types\/post"}],"author":[{"embeddable":true,"href":"https:\/\/www.ipecon.sk\/en\/wp-json\/wp\/v2\/users\/14"}],"replies":[{"embeddable":true,"href":"https:\/\/www.ipecon.sk\/en\/wp-json\/wp\/v2\/comments?post=3347"}],"version-history":[{"count":1,"href":"https:\/\/www.ipecon.sk\/en\/wp-json\/wp\/v2\/posts\/3347\/revisions"}],"predecessor-version":[{"id":4737,"href":"https:\/\/www.ipecon.sk\/en\/wp-json\/wp\/v2\/posts\/3347\/revisions\/4737"}],"wp:featuredmedia":[{"embeddable":true,"href":"https:\/\/www.ipecon.sk\/en\/wp-json\/wp\/v2\/media\/3348"}],"wp:attachment":[{"href":"https:\/\/www.ipecon.sk\/en\/wp-json\/wp\/v2\/media?parent=3347"}],"wp:term":[{"taxonomy":"category","embeddable":true,"href":"https:\/\/www.ipecon.sk\/en\/wp-json\/wp\/v2\/categories?post=3347"},{"taxonomy":"post_tag","embeddable":true,"href":"https:\/\/www.ipecon.sk\/en\/wp-json\/wp\/v2\/tags?post=3347"}],"curies":[{"name":"wp","href":"https:\/\/api.w.org\/{rel}","templated":true}]}}