{"id":3344,"date":"2021-11-16T12:30:04","date_gmt":"2021-11-16T12:30:04","guid":{"rendered":"https:\/\/www.ipecon.sk\/?p=3344"},"modified":"2023-07-18T06:11:00","modified_gmt":"2023-07-18T06:11:00","slug":"5-generacia-fiber-laserov-durma-prichadza","status":"publish","type":"post","link":"https:\/\/www.ipecon.sk\/en\/5-generacia-fiber-laserov-durma-prichadza\/","title":{"rendered":"5. GENER\u00c1CIA FIBER LASEROV DURMA PRICH\u00c1DZA"},"content":{"rendered":"<hr class=\"wp-block-separator has-alpha-channel-opacity is-style-wide\"\/><p>DURMAZLAR predstavuje a zav\u00e1dza na trh&nbsp;<strong>V. gener\u00e1ciu FIBER Laserov&nbsp;<em>DURMA<\/em>.<\/strong>&nbsp;Obsahuje tieto zmeny a vylep\u0161enia:<\/p><p><strong>Hlavn\u00fd r\u00e1m<\/strong><\/p><ul class=\"wp-block-list\"><li>E\u0161te pevnej\u0161\u00ed hlavn\u00fd r\u00e1m optimalizovan\u00fd pre vysokov\u00fdkonn\u00e9 laserov\u00e9 rezanie<\/li>\n\n<li>Pr\u00edprava pre pr\u00edslu\u0161enstvo: Automatick\u00e1 v\u00fdmena trysiek<\/li>\n\n<li>Pevnej\u0161ie uchytenie energetickej re\u0165aze osi X pre zn\u00ed\u017eenie vibr\u00e1ci\u00ed<\/li>\n\n<li>Umiestnenie plynov\u00fdch, olejov\u00fdch a pneumatick\u00fdch komponentov na r\u00e1me<\/li>\n\n<li>\u0160ir\u0161ie p\u00e4tky na mont\u00e1\u017e na z\u00e1klad stroja<\/li>\n\n<li>Pevnej\u0161\u00ed dr\u017eiak elektrick\u00e9ho rozv\u00e1dza\u010da<\/li>\n\n<li>Optimalizovan\u00e9 zdv\u00edhacie body umo\u017e\u0148uj\u00fa manipul\u00e1ciu stroja so v\u0161etk\u00fdm vybaven\u00edm (kryt, dopravn\u00edk, rezon\u00e1tor)<\/li><\/ul><figure class=\"wp-block-image aligncenter\"><img decoding=\"async\" src=\"https:\/\/ps.ipecon.sk\/wp-content\/uploads\/2021\/11\/Ram_spolu.jpg\" alt=\"\" class=\"wp-image-4219\"\/><\/figure><p><strong>Os X<\/strong><\/p><ul class=\"wp-block-list\"><li>Optimalizovan\u00e9 kon\u0161trukcia osi X<\/li>\n\n<li>Vybaven\u00e9 krytom na r\u00e1me<\/li>\n\n<li>Dodato\u010dn\u00fd pr\u00edvod filtrovan\u00e9ho vzduchu na oboch stran\u00e1ch pohybov\u00e9ho vedenia na zabr\u00e1nenie efektu podtlaku a ochranu pohybov\u00e9ho vedenia pred odpadom z rezania<\/li><\/ul><p><strong>Os Y<\/strong><\/p><ul class=\"wp-block-list\"><li>Diely z \u013eahk\u00fdch kovov<\/li>\n\n<li>Zn\u00ed\u017een\u00e1 v\u00fd\u0161ka pre zv\u00fd\u0161enie tuhosti<\/li>\n\n<li>Pevnej\u0161ie uchytenie energetickej re\u0165aze pre zn\u00ed\u017eenie vibr\u00e1ci\u00ed<\/li>\n\n<li>Dodato\u010dn\u00fd pr\u00edvod vzduchu na oboch stran\u00e1ch osi na zabr\u00e1nenie tepeln\u00e9ho efektu pri rezan\u00ed ve\u013ek\u00fdm v\u00fdkonom<\/li><\/ul><p><strong>Os Z<\/strong><\/p><ul class=\"wp-block-list\"><li>Chr\u00e1nen\u00fd, vysoko v\u00fdkonn\u00fd a vylep\u0161en\u00fd pohyb osi Z<\/li>\n\n<li>Vybaven\u00fd novou energetickou re\u0165azou pre pr\u00e1cu s vysokou akceler\u00e1ciou bez vibr\u00e1ci\u00ed<\/li>\n\n<li>Nov\u00fd syst\u00e9m krytu hlavy lasera<\/li><\/ul><figure class=\"wp-block-image aligncenter\"><img decoding=\"async\" src=\"https:\/\/ps.ipecon.sk\/wp-content\/uploads\/2021\/11\/Osi.jpg\" alt=\"\" class=\"wp-image-4222\"\/><\/figure><p><strong>Ods\u00e1vac\u00ed syst\u00e9m, dopravn\u00edky<\/strong><\/p><ul class=\"wp-block-list\"><li>Nov\u00fd optimalizovan\u00fd syst\u00e9m ods\u00e1vania<\/li>\n\n<li>Pridan\u00fd sac\u00ed box vylep\u0161uje pr\u00fadenie vzduchu<\/li>\n\n<li>Kompaktn\u00fd pneumatick\u00fd kryt pre jednoduch\u00fa \u00fadr\u017ebu sacieho potrubia<\/li>\n\n<li>Nas\u00e1vacie okn\u00e1 s ro\u0161tom<\/li>\n\n<li>Dopravn\u00edky osaden\u00e9 na hlavnom r\u00e1me<\/li>\n\n<li>Optimalizovan\u00fd syst\u00e9m ochrany dopravn\u00edkov<\/li><\/ul><figure class=\"wp-block-image aligncenter\"><img decoding=\"async\" src=\"https:\/\/ps.ipecon.sk\/wp-content\/uploads\/2021\/11\/Odsavanie.jpg\" alt=\"\" class=\"wp-image-4224\"\/><\/figure><p><strong>Pohyb stolov<\/strong><\/p><ul class=\"wp-block-list\"><li>Mo\u017enos\u0165 vyhotovenia lasera v zrkadlovom preveden\u00ed<\/li>\n\n<li>Nov\u00fd syst\u00e9m fixovania stolov so zv\u00fd\u0161enou tuhos\u0165ou<\/li><\/ul><figure class=\"wp-block-image aligncenter\"><img decoding=\"async\" src=\"https:\/\/ps.ipecon.sk\/wp-content\/uploads\/2021\/11\/Pohybstola.jpg\" alt=\"\" class=\"wp-image-4226\"\/><\/figure><p><strong>Syst\u00e9m v\u00fdmeny stolov<\/strong><\/p><ul class=\"wp-block-list\"><li>Servomotorom vybaven\u00fd&nbsp;v\u00fdmenn\u00fd st\u00f4l<\/li>\n\n<li>Vylep\u0161en\u00fd pr\u00edstupov\u00fd priestor pre obsluhu pri ru\u010dnom nakladan\u00ed a odoberan\u00ed<\/li>\n\n<li>Ochrana tela stola proti prep\u00e1leniu pod ro\u0161tami (vhodn\u00e9 aj pre v\u00fdkon rezania 15 kW)<\/li><\/ul><figure class=\"wp-block-image aligncenter\"><img decoding=\"async\" src=\"https:\/\/ps.ipecon.sk\/wp-content\/uploads\/2021\/11\/Vymennestoly.jpg\" alt=\"\" class=\"wp-image-4228\"\/><\/figure><p><strong>Vonkaj\u0161ie krytovanie \u2013 kab\u00edna<\/strong><\/p><ul class=\"wp-block-list\"><li>Plocha medzi vonkaj\u0161\u00edm stolom a kab\u00ednou sa zv\u00e4\u010d\u0161ila.<\/li>\n\n<li>Kompaktn\u00fd syst\u00e9m krytovania s jednoduchou mont\u00e1\u017eou.<\/li>\n\n<li>Krytovanie je mo\u017en\u00e9 pou\u017ei\u0165&nbsp;aj pri vyhotoven\u00ed lasera v zrkadlovom preveden\u00ed<\/li>\n\n<li>Ovl\u00e1dac\u00ed panel upevnen\u00fd na kab\u00edne s mo\u017enos\u0165ou ot\u00e1\u010da\u0165 ho okolo rohu.<\/li>\n\n<li>Oto\u010dn\u00fd ovl\u00e1dac\u00ed panel je schopn\u00fd obsluhova\u0165 oper\u00e1tor z oboch str\u00e1n stroja.<\/li>\n\n<li>\u013dahk\u00fd pr\u00edstup k plynov\u00fdm, vzduchov\u00fdm a olejov\u00fdm pr\u00edpojk\u00e1m.<\/li><\/ul><figure class=\"wp-block-image aligncenter\"><img decoding=\"async\" src=\"https:\/\/ps.ipecon.sk\/wp-content\/uploads\/2021\/11\/HDF3015new.png\" alt=\"\" class=\"wp-image-4231\"\/><\/figure>","protected":false},"excerpt":{"rendered":"<p>DURMAZLAR predstavuje a zav\u00e1dza na trh&nbsp;V. gener\u00e1ciu FIBER Laserov&nbsp;DURMA.&nbsp;Obsahuje tieto zmeny a vylep\u0161enia: Hlavn\u00fd r\u00e1m Os X Os Y Os Z Ods\u00e1vac\u00ed syst\u00e9m, dopravn\u00edky Pohyb stolov Syst\u00e9m v\u00fdmeny stolov Vonkaj\u0161ie krytovanie \u2013 kab\u00edna<\/p>","protected":false},"author":14,"featured_media":3346,"comment_status":"open","ping_status":"open","sticky":false,"template":"","format":"standard","meta":{"_acf_changed":false,"_et_pb_use_builder":"off","_et_pb_old_content":"","_et_gb_content_width":"","footnotes":""},"categories":[48],"tags":[],"class_list":["post-3344","post","type-post","status-publish","format-standard","has-post-thumbnail","hentry","category-fiber-lasery"],"acf":[],"yoast_head":"<!-- This site is optimized with the Yoast SEO plugin v24.0 - https:\/\/yoast.com\/wordpress\/plugins\/seo\/ -->\n<title>5. GENER\u00c1CIA FIBER LASEROV DURMA PRICH\u00c1DZA - IPECON<\/title>\n<meta name=\"robots\" content=\"index, follow, max-snippet:-1, max-image-preview:large, max-video-preview:-1\" \/>\n<link rel=\"canonical\" href=\"https:\/\/www.ipecon.sk\/en\/5-generacia-fiber-laserov-durma-prichadza\/\" \/>\n<meta property=\"og:locale\" content=\"en_GB\" \/>\n<meta property=\"og:type\" content=\"article\" \/>\n<meta property=\"og:title\" content=\"5. GENER\u00c1CIA FIBER LASEROV DURMA PRICH\u00c1DZA - IPECON\" \/>\n<meta property=\"og:description\" content=\"DURMAZLAR predstavuje a zav\u00e1dza na trh&nbsp;V. gener\u00e1ciu FIBER Laserov&nbsp;DURMA.&nbsp;Obsahuje tieto zmeny a vylep\u0161enia: Hlavn\u00fd r\u00e1m Os X Os Y Os Z Ods\u00e1vac\u00ed syst\u00e9m, dopravn\u00edky Pohyb stolov Syst\u00e9m v\u00fdmeny stolov Vonkaj\u0161ie krytovanie \u2013 kab\u00edna\" \/>\n<meta property=\"og:url\" content=\"https:\/\/www.ipecon.sk\/en\/5-generacia-fiber-laserov-durma-prichadza\/\" \/>\n<meta property=\"og:site_name\" content=\"IPECON\" \/>\n<meta property=\"article:published_time\" content=\"2021-11-16T12:30:04+00:00\" \/>\n<meta property=\"article:modified_time\" content=\"2023-07-18T06:11:00+00:00\" \/>\n<meta property=\"og:image\" content=\"https:\/\/www.ipecon.sk\/wp-content\/uploads\/2023\/07\/NovyHDFmotiv.jpg\" \/>\n\t<meta property=\"og:image:width\" content=\"640\" \/>\n\t<meta property=\"og:image:height\" content=\"330\" \/>\n\t<meta property=\"og:image:type\" content=\"image\/jpeg\" \/>\n<meta name=\"author\" content=\"Marek Ryb\u00e1r\" \/>\n<meta name=\"twitter:card\" content=\"summary_large_image\" \/>\n<meta name=\"twitter:label1\" content=\"Written by\" \/>\n\t<meta name=\"twitter:data1\" content=\"Marek Ryb\u00e1r\" \/>\n\t<meta name=\"twitter:label2\" content=\"Estimated reading time\" \/>\n\t<meta name=\"twitter:data2\" content=\"3 minutes\" \/>\n<script type=\"application\/ld+json\" class=\"yoast-schema-graph\">{\"@context\":\"https:\/\/schema.org\",\"@graph\":[{\"@type\":\"WebPage\",\"@id\":\"https:\/\/www.ipecon.sk\/5-generacia-fiber-laserov-durma-prichadza\/\",\"url\":\"https:\/\/www.ipecon.sk\/5-generacia-fiber-laserov-durma-prichadza\/\",\"name\":\"5. GENER\u00c1CIA FIBER LASEROV DURMA PRICH\u00c1DZA - IPECON\",\"isPartOf\":{\"@id\":\"https:\/\/www.ipecon.sk\/#website\"},\"primaryImageOfPage\":{\"@id\":\"https:\/\/www.ipecon.sk\/5-generacia-fiber-laserov-durma-prichadza\/#primaryimage\"},\"image\":{\"@id\":\"https:\/\/www.ipecon.sk\/5-generacia-fiber-laserov-durma-prichadza\/#primaryimage\"},\"thumbnailUrl\":\"https:\/\/www.ipecon.sk\/wp-content\/uploads\/2023\/07\/NovyHDFmotiv.jpg\",\"datePublished\":\"2021-11-16T12:30:04+00:00\",\"dateModified\":\"2023-07-18T06:11:00+00:00\",\"author\":{\"@id\":\"https:\/\/www.ipecon.sk\/#\/schema\/person\/b74ec9c56a318fb24f4ccfbfdc1063d9\"},\"breadcrumb\":{\"@id\":\"https:\/\/www.ipecon.sk\/5-generacia-fiber-laserov-durma-prichadza\/#breadcrumb\"},\"inLanguage\":\"en-GB\",\"potentialAction\":[{\"@type\":\"ReadAction\",\"target\":[\"https:\/\/www.ipecon.sk\/5-generacia-fiber-laserov-durma-prichadza\/\"]}]},{\"@type\":\"ImageObject\",\"inLanguage\":\"en-GB\",\"@id\":\"https:\/\/www.ipecon.sk\/5-generacia-fiber-laserov-durma-prichadza\/#primaryimage\",\"url\":\"https:\/\/www.ipecon.sk\/wp-content\/uploads\/2023\/07\/NovyHDFmotiv.jpg\",\"contentUrl\":\"https:\/\/www.ipecon.sk\/wp-content\/uploads\/2023\/07\/NovyHDFmotiv.jpg\",\"width\":640,\"height\":330},{\"@type\":\"BreadcrumbList\",\"@id\":\"https:\/\/www.ipecon.sk\/5-generacia-fiber-laserov-durma-prichadza\/#breadcrumb\",\"itemListElement\":[{\"@type\":\"ListItem\",\"position\":1,\"name\":\"Home\",\"item\":\"https:\/\/www.ipecon.sk\/\"},{\"@type\":\"ListItem\",\"position\":2,\"name\":\"5. GENER\u00c1CIA FIBER LASEROV DURMA PRICH\u00c1DZA\"}]},{\"@type\":\"WebSite\",\"@id\":\"https:\/\/www.ipecon.sk\/#website\",\"url\":\"https:\/\/www.ipecon.sk\/\",\"name\":\"IPECON\",\"description\":\"\",\"potentialAction\":[{\"@type\":\"SearchAction\",\"target\":{\"@type\":\"EntryPoint\",\"urlTemplate\":\"https:\/\/www.ipecon.sk\/?s={search_term_string}\"},\"query-input\":{\"@type\":\"PropertyValueSpecification\",\"valueRequired\":true,\"valueName\":\"search_term_string\"}}],\"inLanguage\":\"en-GB\"},{\"@type\":\"Person\",\"@id\":\"https:\/\/www.ipecon.sk\/#\/schema\/person\/b74ec9c56a318fb24f4ccfbfdc1063d9\",\"name\":\"Marek Ryb\u00e1r\",\"description\":\"Autor \u010dl\u00e1nku &nbsp; &nbsp; obchodno-technick\u00fd mana\u017e\u00e9r marek.rybar@ipecon.sk +421 905 433 567\",\"url\":\"https:\/\/www.ipecon.sk\/en\/author\/marek-rybar\/\"}]}<\/script>\n<!-- \/ Yoast SEO plugin. -->","yoast_head_json":{"title":"5. GENER\u00c1CIA FIBER LASEROV DURMA PRICH\u00c1DZA - IPECON","robots":{"index":"index","follow":"follow","max-snippet":"max-snippet:-1","max-image-preview":"max-image-preview:large","max-video-preview":"max-video-preview:-1"},"canonical":"https:\/\/www.ipecon.sk\/en\/5-generacia-fiber-laserov-durma-prichadza\/","og_locale":"en_GB","og_type":"article","og_title":"5. GENER\u00c1CIA FIBER LASEROV DURMA PRICH\u00c1DZA - IPECON","og_description":"DURMAZLAR predstavuje a zav\u00e1dza na trh&nbsp;V. gener\u00e1ciu FIBER Laserov&nbsp;DURMA.&nbsp;Obsahuje tieto zmeny a vylep\u0161enia: Hlavn\u00fd r\u00e1m Os X Os Y Os Z Ods\u00e1vac\u00ed syst\u00e9m, dopravn\u00edky Pohyb stolov Syst\u00e9m v\u00fdmeny stolov Vonkaj\u0161ie krytovanie \u2013 kab\u00edna","og_url":"https:\/\/www.ipecon.sk\/en\/5-generacia-fiber-laserov-durma-prichadza\/","og_site_name":"IPECON","article_published_time":"2021-11-16T12:30:04+00:00","article_modified_time":"2023-07-18T06:11:00+00:00","og_image":[{"width":640,"height":330,"url":"https:\/\/www.ipecon.sk\/wp-content\/uploads\/2023\/07\/NovyHDFmotiv.jpg","type":"image\/jpeg"}],"author":"Marek Ryb\u00e1r","twitter_card":"summary_large_image","twitter_misc":{"Written by":"Marek Ryb\u00e1r","Estimated reading time":"3 minutes"},"schema":{"@context":"https:\/\/schema.org","@graph":[{"@type":"WebPage","@id":"https:\/\/www.ipecon.sk\/5-generacia-fiber-laserov-durma-prichadza\/","url":"https:\/\/www.ipecon.sk\/5-generacia-fiber-laserov-durma-prichadza\/","name":"5. GENER\u00c1CIA FIBER LASEROV DURMA PRICH\u00c1DZA - IPECON","isPartOf":{"@id":"https:\/\/www.ipecon.sk\/#website"},"primaryImageOfPage":{"@id":"https:\/\/www.ipecon.sk\/5-generacia-fiber-laserov-durma-prichadza\/#primaryimage"},"image":{"@id":"https:\/\/www.ipecon.sk\/5-generacia-fiber-laserov-durma-prichadza\/#primaryimage"},"thumbnailUrl":"https:\/\/www.ipecon.sk\/wp-content\/uploads\/2023\/07\/NovyHDFmotiv.jpg","datePublished":"2021-11-16T12:30:04+00:00","dateModified":"2023-07-18T06:11:00+00:00","author":{"@id":"https:\/\/www.ipecon.sk\/#\/schema\/person\/b74ec9c56a318fb24f4ccfbfdc1063d9"},"breadcrumb":{"@id":"https:\/\/www.ipecon.sk\/5-generacia-fiber-laserov-durma-prichadza\/#breadcrumb"},"inLanguage":"en-GB","potentialAction":[{"@type":"ReadAction","target":["https:\/\/www.ipecon.sk\/5-generacia-fiber-laserov-durma-prichadza\/"]}]},{"@type":"ImageObject","inLanguage":"en-GB","@id":"https:\/\/www.ipecon.sk\/5-generacia-fiber-laserov-durma-prichadza\/#primaryimage","url":"https:\/\/www.ipecon.sk\/wp-content\/uploads\/2023\/07\/NovyHDFmotiv.jpg","contentUrl":"https:\/\/www.ipecon.sk\/wp-content\/uploads\/2023\/07\/NovyHDFmotiv.jpg","width":640,"height":330},{"@type":"BreadcrumbList","@id":"https:\/\/www.ipecon.sk\/5-generacia-fiber-laserov-durma-prichadza\/#breadcrumb","itemListElement":[{"@type":"ListItem","position":1,"name":"Home","item":"https:\/\/www.ipecon.sk\/"},{"@type":"ListItem","position":2,"name":"5. GENER\u00c1CIA FIBER LASEROV DURMA PRICH\u00c1DZA"}]},{"@type":"WebSite","@id":"https:\/\/www.ipecon.sk\/#website","url":"https:\/\/www.ipecon.sk\/","name":"IPECON","description":"","potentialAction":[{"@type":"SearchAction","target":{"@type":"EntryPoint","urlTemplate":"https:\/\/www.ipecon.sk\/?s={search_term_string}"},"query-input":{"@type":"PropertyValueSpecification","valueRequired":true,"valueName":"search_term_string"}}],"inLanguage":"en-GB"},{"@type":"Person","@id":"https:\/\/www.ipecon.sk\/#\/schema\/person\/b74ec9c56a318fb24f4ccfbfdc1063d9","name":"Marek Ryb\u00e1r","description":"Autor \u010dl\u00e1nku &nbsp; &nbsp; obchodno-technick\u00fd mana\u017e\u00e9r marek.rybar@ipecon.sk +421 905 433 567","url":"https:\/\/www.ipecon.sk\/en\/author\/marek-rybar\/"}]}},"_links":{"self":[{"href":"https:\/\/www.ipecon.sk\/en\/wp-json\/wp\/v2\/posts\/3344","targetHints":{"allow":["GET"]}}],"collection":[{"href":"https:\/\/www.ipecon.sk\/en\/wp-json\/wp\/v2\/posts"}],"about":[{"href":"https:\/\/www.ipecon.sk\/en\/wp-json\/wp\/v2\/types\/post"}],"author":[{"embeddable":true,"href":"https:\/\/www.ipecon.sk\/en\/wp-json\/wp\/v2\/users\/14"}],"replies":[{"embeddable":true,"href":"https:\/\/www.ipecon.sk\/en\/wp-json\/wp\/v2\/comments?post=3344"}],"version-history":[{"count":0,"href":"https:\/\/www.ipecon.sk\/en\/wp-json\/wp\/v2\/posts\/3344\/revisions"}],"wp:featuredmedia":[{"embeddable":true,"href":"https:\/\/www.ipecon.sk\/en\/wp-json\/wp\/v2\/media\/3346"}],"wp:attachment":[{"href":"https:\/\/www.ipecon.sk\/en\/wp-json\/wp\/v2\/media?parent=3344"}],"wp:term":[{"taxonomy":"category","embeddable":true,"href":"https:\/\/www.ipecon.sk\/en\/wp-json\/wp\/v2\/categories?post=3344"},{"taxonomy":"post_tag","embeddable":true,"href":"https:\/\/www.ipecon.sk\/en\/wp-json\/wp\/v2\/tags?post=3344"}],"curies":[{"name":"wp","href":"https:\/\/api.w.org\/{rel}","templated":true}]}}